{"id":113,"date":"2023-05-24T16:43:00","date_gmt":"2023-05-24T14:43:00","guid":{"rendered":"https:\/\/blog.cyberguardian.tech\/?p=113"},"modified":"2025-08-26T14:46:47","modified_gmt":"2025-08-26T14:46:47","slug":"ciberseguridad-como-proteger-el-negocio-frente-a-las-crecientes-amenazas","status":"publish","type":"post","link":"https:\/\/www.cyberguardian.tech\/blog\/ciberseguridad-como-proteger-el-negocio-frente-a-las-crecientes-amenazas\/","title":{"rendered":"Ciberseguridad: c\u00f3mo proteger el negocio frente a las crecientes amenazas"},"content":{"rendered":"\n<p>Os dejamos este <a href=\"https:\/\/www.eleconomista.es\/las-finanzas-claras\/noticias\/12283049\/05\/23\/ciberseguridad-como-proteger-el-negocio-frente-a-las-crecientes-amenazas.html\">art\u00edculo interesante en El Economista<\/a> para aquellas PYMEs que tengan inquietudes acerca de la Ciberseguridad y donde adem\u00e1s se menciona a <a href=\"https:\/\/www.cyberguardian.tech\/\">Cyber Guardian<\/a>.<\/p>\n\n\n<a class=\"wp-block-read-more\" href=\"https:\/\/www.cyberguardian.tech\/blog\/ciberseguridad-como-proteger-el-negocio-frente-a-las-crecientes-amenazas\/\" target=\"_self\"><a href=\"https:\/\/www.eleconomista.es\/las-finanzas-claras\/noticias\/12283049\/05\/23\/ciberseguridad-como-proteger-el-negocio-frente-a-las-crecientes-amenazas.html\">https:\/\/www.eleconomista.es\/las-finanzas-claras\/noticias\/12283049\/05\/23\/ciberseguridad-como-proteger-el-negocio-frente-a-las-crecientes-amenazas.html<\/a><span class=\"screen-reader-text\">: Ciberseguridad: c\u00f3mo proteger el negocio frente a las crecientes amenazas<\/span><\/a>","protected":false},"excerpt":{"rendered":"<p>Os dejamos este art\u00edculo interesante en El Economista para aquellas PYMEs que tengan inquietudes acerca de la Ciberseguridad y donde adem\u00e1s se menciona a Cyber Guardian.<\/p>\n","protected":false},"author":6,"featured_media":0,"comment_status":"closed","ping_status":"closed","sticky":false,"template":"","format":"standard","meta":{"_jetpack_memberships_contains_paid_content":false,"footnotes":""},"categories":[12],"tags":[],"class_list":["post-113","post","type-post","status-publish","format-standard","hentry","category-noticias-cyber"],"yoast_head":"<!-- This site is optimized with the Yoast SEO plugin v27.5 - https:\/\/yoast.com\/product\/yoast-seo-wordpress\/ -->\n<title>Protege tu negocio de las amenazas cibern\u00e9ticas<\/title>\n<meta name=\"description\" content=\"Protege tu negocio de las crecientes amenazas cibern\u00e9ticas con la plataforma Cyber Guardian creada por Banco Santander\" \/>\n<meta name=\"robots\" content=\"index, follow, max-snippet:-1, max-image-preview:large, max-video-preview:-1\" \/>\n<link rel=\"canonical\" href=\"https:\/\/www.cyberguardian.tech\/blog\/ciberseguridad-como-proteger-el-negocio-frente-a-las-crecientes-amenazas\/\" \/>\n<meta property=\"og:locale\" content=\"es_ES\" \/>\n<meta property=\"og:type\" content=\"article\" \/>\n<meta property=\"og:title\" content=\"Protege tu negocio de las amenazas cibern\u00e9ticas\" \/>\n<meta property=\"og:description\" content=\"Protege tu negocio de las crecientes amenazas cibern\u00e9ticas con la plataforma Cyber Guardian creada por Banco Santander\" \/>\n<meta property=\"og:url\" content=\"https:\/\/www.cyberguardian.tech\/blog\/ciberseguridad-como-proteger-el-negocio-frente-a-las-crecientes-amenazas\/\" \/>\n<meta property=\"og:site_name\" content=\"Cyber Guardian - Blog\" \/>\n<meta property=\"article:published_time\" content=\"2023-05-24T14:43:00+00:00\" \/>\n<meta property=\"article:modified_time\" content=\"2025-08-26T14:46:47+00:00\" \/>\n<meta name=\"author\" content=\"Cyber Guardian\" \/>\n<meta name=\"twitter:card\" content=\"summary_large_image\" \/>\n<meta name=\"twitter:label1\" content=\"Escrito por\" \/>\n\t<meta name=\"twitter:data1\" content=\"Cyber Guardian\" \/>\n\t<meta name=\"twitter:label2\" content=\"Tiempo de lectura\" \/>\n\t<meta name=\"twitter:data2\" content=\"1 minuto\" \/>\n<script type=\"application\/ld+json\" class=\"yoast-schema-graph\">{\"@context\":\"https:\\\/\\\/schema.org\",\"@graph\":[{\"@type\":\"Article\",\"@id\":\"https:\\\/\\\/www.cyberguardian.tech\\\/blog\\\/ciberseguridad-como-proteger-el-negocio-frente-a-las-crecientes-amenazas\\\/#article\",\"isPartOf\":{\"@id\":\"https:\\\/\\\/www.cyberguardian.tech\\\/blog\\\/ciberseguridad-como-proteger-el-negocio-frente-a-las-crecientes-amenazas\\\/\"},\"author\":{\"name\":\"Cyber Guardian\",\"@id\":\"https:\\\/\\\/www.cyberguardian.tech\\\/blog\\\/#\\\/schema\\\/person\\\/a3ed9f985851939bf7cef30f1017d93c\"},\"headline\":\"Ciberseguridad: c\u00f3mo proteger el negocio frente a las crecientes amenazas\",\"datePublished\":\"2023-05-24T14:43:00+00:00\",\"dateModified\":\"2025-08-26T14:46:47+00:00\",\"mainEntityOfPage\":{\"@id\":\"https:\\\/\\\/www.cyberguardian.tech\\\/blog\\\/ciberseguridad-como-proteger-el-negocio-frente-a-las-crecientes-amenazas\\\/\"},\"wordCount\":39,\"articleSection\":[\"Noticias Cyber\"],\"inLanguage\":\"es\"},{\"@type\":\"WebPage\",\"@id\":\"https:\\\/\\\/www.cyberguardian.tech\\\/blog\\\/ciberseguridad-como-proteger-el-negocio-frente-a-las-crecientes-amenazas\\\/\",\"url\":\"https:\\\/\\\/www.cyberguardian.tech\\\/blog\\\/ciberseguridad-como-proteger-el-negocio-frente-a-las-crecientes-amenazas\\\/\",\"name\":\"Protege tu negocio de las amenazas cibern\u00e9ticas\",\"isPartOf\":{\"@id\":\"https:\\\/\\\/www.cyberguardian.tech\\\/blog\\\/#website\"},\"datePublished\":\"2023-05-24T14:43:00+00:00\",\"dateModified\":\"2025-08-26T14:46:47+00:00\",\"author\":{\"@id\":\"https:\\\/\\\/www.cyberguardian.tech\\\/blog\\\/#\\\/schema\\\/person\\\/a3ed9f985851939bf7cef30f1017d93c\"},\"description\":\"Protege tu negocio de las crecientes amenazas cibern\u00e9ticas con la plataforma Cyber Guardian creada por Banco Santander\",\"breadcrumb\":{\"@id\":\"https:\\\/\\\/www.cyberguardian.tech\\\/blog\\\/ciberseguridad-como-proteger-el-negocio-frente-a-las-crecientes-amenazas\\\/#breadcrumb\"},\"inLanguage\":\"es\",\"potentialAction\":[{\"@type\":\"ReadAction\",\"target\":[\"https:\\\/\\\/www.cyberguardian.tech\\\/blog\\\/ciberseguridad-como-proteger-el-negocio-frente-a-las-crecientes-amenazas\\\/\"]}]},{\"@type\":\"BreadcrumbList\",\"@id\":\"https:\\\/\\\/www.cyberguardian.tech\\\/blog\\\/ciberseguridad-como-proteger-el-negocio-frente-a-las-crecientes-amenazas\\\/#breadcrumb\",\"itemListElement\":[{\"@type\":\"ListItem\",\"position\":1,\"name\":\"Portada\",\"item\":\"https:\\\/\\\/www.cyberguardian.tech\\\/blog\\\/\"},{\"@type\":\"ListItem\",\"position\":2,\"name\":\"Ciberseguridad: c\u00f3mo proteger el negocio frente a las crecientes amenazas\"}]},{\"@type\":\"WebSite\",\"@id\":\"https:\\\/\\\/www.cyberguardian.tech\\\/blog\\\/#website\",\"url\":\"https:\\\/\\\/www.cyberguardian.tech\\\/blog\\\/\",\"name\":\"Cyber Guardian - Blog\",\"description\":\"Blog sobre ciberseguridad para peque\u00f1as y medianas empresas f\u00e1cil de entender tambi\u00e9n para usuarios no t\u00e9cnicos.\",\"potentialAction\":[{\"@type\":\"SearchAction\",\"target\":{\"@type\":\"EntryPoint\",\"urlTemplate\":\"https:\\\/\\\/www.cyberguardian.tech\\\/blog\\\/?s={search_term_string}\"},\"query-input\":{\"@type\":\"PropertyValueSpecification\",\"valueRequired\":true,\"valueName\":\"search_term_string\"}}],\"inLanguage\":\"es\"},{\"@type\":\"Person\",\"@id\":\"https:\\\/\\\/www.cyberguardian.tech\\\/blog\\\/#\\\/schema\\\/person\\\/a3ed9f985851939bf7cef30f1017d93c\",\"name\":\"Cyber Guardian\",\"image\":{\"@type\":\"ImageObject\",\"inLanguage\":\"es\",\"@id\":\"https:\\\/\\\/secure.gravatar.com\\\/avatar\\\/8f120ab25b7fcac0c91b7b5d2970930a6a93112558b277a8b8353f8bbad0b82a?s=96&d=mm&r=g\",\"url\":\"https:\\\/\\\/secure.gravatar.com\\\/avatar\\\/8f120ab25b7fcac0c91b7b5d2970930a6a93112558b277a8b8353f8bbad0b82a?s=96&d=mm&r=g\",\"contentUrl\":\"https:\\\/\\\/secure.gravatar.com\\\/avatar\\\/8f120ab25b7fcac0c91b7b5d2970930a6a93112558b277a8b8353f8bbad0b82a?s=96&d=mm&r=g\",\"caption\":\"Cyber Guardian\"},\"sameAs\":[\"https:\\\/\\\/cyberguardian.tech\"],\"url\":\"https:\\\/\\\/www.cyberguardian.tech\\\/blog\\\/author\\\/cyberguardian\\\/\"}]}<\/script>\n<!-- \/ Yoast SEO plugin. -->","yoast_head_json":{"title":"Protege tu negocio de las amenazas cibern\u00e9ticas","description":"Protege tu negocio de las crecientes amenazas cibern\u00e9ticas con la plataforma Cyber Guardian creada por Banco Santander","robots":{"index":"index","follow":"follow","max-snippet":"max-snippet:-1","max-image-preview":"max-image-preview:large","max-video-preview":"max-video-preview:-1"},"canonical":"https:\/\/www.cyberguardian.tech\/blog\/ciberseguridad-como-proteger-el-negocio-frente-a-las-crecientes-amenazas\/","og_locale":"es_ES","og_type":"article","og_title":"Protege tu negocio de las amenazas cibern\u00e9ticas","og_description":"Protege tu negocio de las crecientes amenazas cibern\u00e9ticas con la plataforma Cyber Guardian creada por Banco Santander","og_url":"https:\/\/www.cyberguardian.tech\/blog\/ciberseguridad-como-proteger-el-negocio-frente-a-las-crecientes-amenazas\/","og_site_name":"Cyber Guardian - Blog","article_published_time":"2023-05-24T14:43:00+00:00","article_modified_time":"2025-08-26T14:46:47+00:00","author":"Cyber Guardian","twitter_card":"summary_large_image","twitter_misc":{"Escrito por":"Cyber Guardian","Tiempo de lectura":"1 minuto"},"schema":{"@context":"https:\/\/schema.org","@graph":[{"@type":"Article","@id":"https:\/\/www.cyberguardian.tech\/blog\/ciberseguridad-como-proteger-el-negocio-frente-a-las-crecientes-amenazas\/#article","isPartOf":{"@id":"https:\/\/www.cyberguardian.tech\/blog\/ciberseguridad-como-proteger-el-negocio-frente-a-las-crecientes-amenazas\/"},"author":{"name":"Cyber Guardian","@id":"https:\/\/www.cyberguardian.tech\/blog\/#\/schema\/person\/a3ed9f985851939bf7cef30f1017d93c"},"headline":"Ciberseguridad: c\u00f3mo proteger el negocio frente a las crecientes amenazas","datePublished":"2023-05-24T14:43:00+00:00","dateModified":"2025-08-26T14:46:47+00:00","mainEntityOfPage":{"@id":"https:\/\/www.cyberguardian.tech\/blog\/ciberseguridad-como-proteger-el-negocio-frente-a-las-crecientes-amenazas\/"},"wordCount":39,"articleSection":["Noticias Cyber"],"inLanguage":"es"},{"@type":"WebPage","@id":"https:\/\/www.cyberguardian.tech\/blog\/ciberseguridad-como-proteger-el-negocio-frente-a-las-crecientes-amenazas\/","url":"https:\/\/www.cyberguardian.tech\/blog\/ciberseguridad-como-proteger-el-negocio-frente-a-las-crecientes-amenazas\/","name":"Protege tu negocio de las amenazas cibern\u00e9ticas","isPartOf":{"@id":"https:\/\/www.cyberguardian.tech\/blog\/#website"},"datePublished":"2023-05-24T14:43:00+00:00","dateModified":"2025-08-26T14:46:47+00:00","author":{"@id":"https:\/\/www.cyberguardian.tech\/blog\/#\/schema\/person\/a3ed9f985851939bf7cef30f1017d93c"},"description":"Protege tu negocio de las crecientes amenazas cibern\u00e9ticas con la plataforma Cyber Guardian creada por Banco Santander","breadcrumb":{"@id":"https:\/\/www.cyberguardian.tech\/blog\/ciberseguridad-como-proteger-el-negocio-frente-a-las-crecientes-amenazas\/#breadcrumb"},"inLanguage":"es","potentialAction":[{"@type":"ReadAction","target":["https:\/\/www.cyberguardian.tech\/blog\/ciberseguridad-como-proteger-el-negocio-frente-a-las-crecientes-amenazas\/"]}]},{"@type":"BreadcrumbList","@id":"https:\/\/www.cyberguardian.tech\/blog\/ciberseguridad-como-proteger-el-negocio-frente-a-las-crecientes-amenazas\/#breadcrumb","itemListElement":[{"@type":"ListItem","position":1,"name":"Portada","item":"https:\/\/www.cyberguardian.tech\/blog\/"},{"@type":"ListItem","position":2,"name":"Ciberseguridad: c\u00f3mo proteger el negocio frente a las crecientes amenazas"}]},{"@type":"WebSite","@id":"https:\/\/www.cyberguardian.tech\/blog\/#website","url":"https:\/\/www.cyberguardian.tech\/blog\/","name":"Cyber Guardian - Blog","description":"Blog sobre ciberseguridad para peque\u00f1as y medianas empresas f\u00e1cil de entender tambi\u00e9n para usuarios no t\u00e9cnicos.","potentialAction":[{"@type":"SearchAction","target":{"@type":"EntryPoint","urlTemplate":"https:\/\/www.cyberguardian.tech\/blog\/?s={search_term_string}"},"query-input":{"@type":"PropertyValueSpecification","valueRequired":true,"valueName":"search_term_string"}}],"inLanguage":"es"},{"@type":"Person","@id":"https:\/\/www.cyberguardian.tech\/blog\/#\/schema\/person\/a3ed9f985851939bf7cef30f1017d93c","name":"Cyber Guardian","image":{"@type":"ImageObject","inLanguage":"es","@id":"https:\/\/secure.gravatar.com\/avatar\/8f120ab25b7fcac0c91b7b5d2970930a6a93112558b277a8b8353f8bbad0b82a?s=96&d=mm&r=g","url":"https:\/\/secure.gravatar.com\/avatar\/8f120ab25b7fcac0c91b7b5d2970930a6a93112558b277a8b8353f8bbad0b82a?s=96&d=mm&r=g","contentUrl":"https:\/\/secure.gravatar.com\/avatar\/8f120ab25b7fcac0c91b7b5d2970930a6a93112558b277a8b8353f8bbad0b82a?s=96&d=mm&r=g","caption":"Cyber Guardian"},"sameAs":["https:\/\/cyberguardian.tech"],"url":"https:\/\/www.cyberguardian.tech\/blog\/author\/cyberguardian\/"}]}},"jetpack_featured_media_url":"","jetpack_sharing_enabled":true,"jetpack-related-posts":[{"id":182,"url":"https:\/\/www.cyberguardian.tech\/blog\/cyber-guardian-en-el-cyber-insurance-day\/","url_meta":{"origin":113,"position":0},"title":"Cyber Guardian en el Cyber Insurance Day 2023","author":"Cyber Guardian","date":"24 de noviembre de 2023","format":false,"excerpt":"El pasado 22 de noviembre asistimos al Cyber Insurance Day. Cerca de 200 personas asistieron a este congreso enfocado en ciberseguridad y ciberseguros que subray\u00f3 la actual relevancia de varios aspectos cruciales relacionados con la seguridad empresarial. Nuestro Director General Jos\u00e9 Antonio Castro ofreci\u00f3 una Keynote donde present\u00f3 la plataforma\u2026","rel":"","context":"En \u00abEventos\u00bb","block_context":{"text":"Eventos","link":"https:\/\/www.cyberguardian.tech\/blog\/category\/eventos\/"},"img":{"alt_text":"Cyber Insurance Day","src":"https:\/\/i0.wp.com\/www.cyberguardian.tech\/blog\/wp-content\/uploads\/2024\/02\/cyber-insurance-day-3.png?resize=350%2C200&ssl=1","width":350,"height":200,"srcset":"https:\/\/i0.wp.com\/www.cyberguardian.tech\/blog\/wp-content\/uploads\/2024\/02\/cyber-insurance-day-3.png?resize=350%2C200&ssl=1 1x, https:\/\/i0.wp.com\/www.cyberguardian.tech\/blog\/wp-content\/uploads\/2024\/02\/cyber-insurance-day-3.png?resize=525%2C300&ssl=1 1.5x, https:\/\/i0.wp.com\/www.cyberguardian.tech\/blog\/wp-content\/uploads\/2024\/02\/cyber-insurance-day-3.png?resize=700%2C400&ssl=1 2x"},"classes":[]},{"id":674,"url":"https:\/\/www.cyberguardian.tech\/blog\/cyber-guardian-en-el-cyberinsurance-day\/","url_meta":{"origin":113,"position":1},"title":"Cyber Guardian en el Cyber Insurance Day 2024","author":"Cyber Guardian","date":"28 de junio de 2024","format":false,"excerpt":"El pasado mi\u00e9rcoles 26 de junio estuvimos en la V Edici\u00f3n de\u00a0Cyber Insurance Day,\u00a0\u00fanico\u00a0evento\u00a0en Espa\u00f1a que fusiona a los sectores de la ciberseguridad y los seguros, y que reuni\u00f3 a expertos en ciberseguros, aseguradoras, mediadores, soluciones de ciberseguridad, y entidades p\u00fablicas. Nuestro Director General, Alexis Alonso particip\u00f3 en la primera\u2026","rel":"","context":"En \u00abEventos\u00bb","block_context":{"text":"Eventos","link":"https:\/\/www.cyberguardian.tech\/blog\/category\/eventos\/"},"img":{"alt_text":"Cyber Insurance Day","src":"https:\/\/i0.wp.com\/www.cyberguardian.tech\/blog\/wp-content\/uploads\/2024\/07\/202406_CyberInsuranceDay_1.png?resize=350%2C200&ssl=1","width":350,"height":200,"srcset":"https:\/\/i0.wp.com\/www.cyberguardian.tech\/blog\/wp-content\/uploads\/2024\/07\/202406_CyberInsuranceDay_1.png?resize=350%2C200&ssl=1 1x, https:\/\/i0.wp.com\/www.cyberguardian.tech\/blog\/wp-content\/uploads\/2024\/07\/202406_CyberInsuranceDay_1.png?resize=525%2C300&ssl=1 1.5x, https:\/\/i0.wp.com\/www.cyberguardian.tech\/blog\/wp-content\/uploads\/2024\/07\/202406_CyberInsuranceDay_1.png?resize=700%2C400&ssl=1 2x, https:\/\/i0.wp.com\/www.cyberguardian.tech\/blog\/wp-content\/uploads\/2024\/07\/202406_CyberInsuranceDay_1.png?resize=1050%2C600&ssl=1 3x"},"classes":[]},{"id":1103,"url":"https:\/\/www.cyberguardian.tech\/blog\/predicciones-de-cyber-guardian-sobre-amenazas-de-ciberseguridad-para-2025\/","url_meta":{"origin":113,"position":2},"title":"Predicciones de Cyber Guardian sobre amenazas de ciberseguridad para 2025","author":"Cyber Guardian","date":"12 de marzo de 2025","format":false,"excerpt":"Os animamos a leer este art\u00edculo publicado el pasado mes de Febrero donde explicamos nuestras predicciones sobre qu\u00e9 amenazas de ciberseguridad esperamos en 2025, c\u00f3mo impactar\u00e1n a las empresas medianas y peque\u00f1as, y qu\u00e9 medidas pueden tomar para estar preparadas ante: Ataques de Ransomware m\u00e1s sofisticados. Phishing dirigido y ataques\u2026","rel":"","context":"En \u00abArt\u00edculos Cyber Guardian\u00bb","block_context":{"text":"Art\u00edculos Cyber Guardian","link":"https:\/\/www.cyberguardian.tech\/blog\/category\/articulos-cyber-guardian\/"},"img":{"alt_text":"","src":"https:\/\/i0.wp.com\/www.cyberguardian.tech\/blog\/wp-content\/uploads\/2025\/03\/Predicciones-Ciberseguridad-2025.png?resize=350%2C200&ssl=1","width":350,"height":200,"srcset":"https:\/\/i0.wp.com\/www.cyberguardian.tech\/blog\/wp-content\/uploads\/2025\/03\/Predicciones-Ciberseguridad-2025.png?resize=350%2C200&ssl=1 1x, https:\/\/i0.wp.com\/www.cyberguardian.tech\/blog\/wp-content\/uploads\/2025\/03\/Predicciones-Ciberseguridad-2025.png?resize=525%2C300&ssl=1 1.5x, https:\/\/i0.wp.com\/www.cyberguardian.tech\/blog\/wp-content\/uploads\/2025\/03\/Predicciones-Ciberseguridad-2025.png?resize=700%2C400&ssl=1 2x, https:\/\/i0.wp.com\/www.cyberguardian.tech\/blog\/wp-content\/uploads\/2025\/03\/Predicciones-Ciberseguridad-2025.png?resize=1050%2C600&ssl=1 3x"},"classes":[]},{"id":13,"url":"https:\/\/www.cyberguardian.tech\/blog\/cyber-guardian-en-el-des-2022\/","url_meta":{"origin":113,"position":3},"title":"Cyber Guardian en el DES 2022","author":"Cyber Guardian","date":"20 de junio de 2022","format":false,"excerpt":"La semana pasada Cyber Guardian estuvo junto a Banco Santander, en el DES | Digital Enterprise Show 2022, el evento tecnol\u00f3gico l\u00edder a nivel global dedicado a la transformaci\u00f3n digital donde tuvimos la oportunidad de presentar Cyber Guardian a multitud de empresas que se acercaron por el stand de Banco\u2026","rel":"","context":"En \u00abEventos\u00bb","block_context":{"text":"Eventos","link":"https:\/\/www.cyberguardian.tech\/blog\/category\/eventos\/"},"img":{"alt_text":"Ciberseguridad DES 2022","src":"https:\/\/i0.wp.com\/www.cyberguardian.tech\/blog\/wp-content\/uploads\/52c6d3e6b4c0a389.png?resize=350%2C200&ssl=1","width":350,"height":200,"srcset":"https:\/\/i0.wp.com\/www.cyberguardian.tech\/blog\/wp-content\/uploads\/52c6d3e6b4c0a389.png?resize=350%2C200&ssl=1 1x, https:\/\/i0.wp.com\/www.cyberguardian.tech\/blog\/wp-content\/uploads\/52c6d3e6b4c0a389.png?resize=525%2C300&ssl=1 1.5x, https:\/\/i0.wp.com\/www.cyberguardian.tech\/blog\/wp-content\/uploads\/52c6d3e6b4c0a389.png?resize=700%2C400&ssl=1 2x"},"classes":[]},{"id":267,"url":"https:\/\/www.cyberguardian.tech\/blog\/cyber-guardian-en-el-i-congreso-de-ciberseguridad-para-pymes\/","url_meta":{"origin":113,"position":4},"title":"Cyber Guardian en el I Congreso de Ciberseguridad para pymes","author":"Cyber Guardian","date":"16 de diciembre de 2022","format":false,"excerpt":"Esta semana Cyber Guardian estuvo en el I Congreso de Ciberseguridad para PYMES en Madrid, organizado conjuntamente por ISMS Forum\u00a0y\u00a0Cluster CyberMadrid. Nuestro responsable global Jose Antonio Castro habl\u00f3 del contexto actual de las amenazas de ciberseguridad donde las PYMES son las m\u00e1s vulnerables. \"Las peque\u00f1as y medianas empresas viven tres\u2026","rel":"","context":"En \u00abEventos\u00bb","block_context":{"text":"Eventos","link":"https:\/\/www.cyberguardian.tech\/blog\/category\/eventos\/"},"img":{"alt_text":"Congreso Ciberseguridad Pymes","src":"https:\/\/i0.wp.com\/www.cyberguardian.tech\/blog\/wp-content\/uploads\/336c12f8fe3e08d6.png?resize=350%2C200&ssl=1","width":350,"height":200,"srcset":"https:\/\/i0.wp.com\/www.cyberguardian.tech\/blog\/wp-content\/uploads\/336c12f8fe3e08d6.png?resize=350%2C200&ssl=1 1x, https:\/\/i0.wp.com\/www.cyberguardian.tech\/blog\/wp-content\/uploads\/336c12f8fe3e08d6.png?resize=525%2C300&ssl=1 1.5x, https:\/\/i0.wp.com\/www.cyberguardian.tech\/blog\/wp-content\/uploads\/336c12f8fe3e08d6.png?resize=700%2C400&ssl=1 2x"},"classes":[]},{"id":190,"url":"https:\/\/www.cyberguardian.tech\/blog\/cyber-guardian-en-evento-ecosistemas-de-ciberseguridad-en-madrid\/","url_meta":{"origin":113,"position":5},"title":"Cyber Guardian en evento \u00abEcosistemas de Ciberseguridad en Madrid\u00bb","author":"Cyber Guardian","date":"23 de febrero de 2024","format":false,"excerpt":"El pasado viernes 23 de Febrero estuvimos en el evento \u201cEcosistemas de Ciberseguridad en Madrid\u201d una jornada sobre ciberseguridad en CEIM - Confederaci\u00f3n Empresarial de Madrid-CEOE donde las principales empresas del sector de Ciberseguridad compartimos nuestra visi\u00f3n sobre la situaci\u00f3n del sector en\u00a0Madrid, los retos existentes y diferentes propuestas para\u2026","rel":"","context":"En \u00abEventos\u00bb","block_context":{"text":"Eventos","link":"https:\/\/www.cyberguardian.tech\/blog\/category\/eventos\/"},"img":{"alt_text":"","src":"https:\/\/i0.wp.com\/www.cyberguardian.tech\/blog\/wp-content\/uploads\/2024\/02\/imagen1-150x150.jpg?resize=350%2C200&ssl=1","width":350,"height":200,"srcset":"https:\/\/i0.wp.com\/www.cyberguardian.tech\/blog\/wp-content\/uploads\/2024\/02\/imagen1-150x150.jpg?resize=350%2C200&ssl=1 1x, https:\/\/i0.wp.com\/www.cyberguardian.tech\/blog\/wp-content\/uploads\/2024\/02\/imagen1-150x150.jpg?resize=525%2C300&ssl=1 1.5x, https:\/\/i0.wp.com\/www.cyberguardian.tech\/blog\/wp-content\/uploads\/2024\/02\/imagen1-150x150.jpg?resize=700%2C400&ssl=1 2x, https:\/\/i0.wp.com\/www.cyberguardian.tech\/blog\/wp-content\/uploads\/2024\/02\/imagen1-150x150.jpg?resize=1050%2C600&ssl=1 3x"},"classes":[]}],"_links":{"self":[{"href":"https:\/\/www.cyberguardian.tech\/blog\/wp-json\/wp\/v2\/posts\/113","targetHints":{"allow":["GET"]}}],"collection":[{"href":"https:\/\/www.cyberguardian.tech\/blog\/wp-json\/wp\/v2\/posts"}],"about":[{"href":"https:\/\/www.cyberguardian.tech\/blog\/wp-json\/wp\/v2\/types\/post"}],"author":[{"embeddable":true,"href":"https:\/\/www.cyberguardian.tech\/blog\/wp-json\/wp\/v2\/users\/6"}],"replies":[{"embeddable":true,"href":"https:\/\/www.cyberguardian.tech\/blog\/wp-json\/wp\/v2\/comments?post=113"}],"version-history":[{"count":1,"href":"https:\/\/www.cyberguardian.tech\/blog\/wp-json\/wp\/v2\/posts\/113\/revisions"}],"predecessor-version":[{"id":1240,"href":"https:\/\/www.cyberguardian.tech\/blog\/wp-json\/wp\/v2\/posts\/113\/revisions\/1240"}],"wp:attachment":[{"href":"https:\/\/www.cyberguardian.tech\/blog\/wp-json\/wp\/v2\/media?parent=113"}],"wp:term":[{"taxonomy":"category","embeddable":true,"href":"https:\/\/www.cyberguardian.tech\/blog\/wp-json\/wp\/v2\/categories?post=113"},{"taxonomy":"post_tag","embeddable":true,"href":"https:\/\/www.cyberguardian.tech\/blog\/wp-json\/wp\/v2\/tags?post=113"}],"curies":[{"name":"wp","href":"https:\/\/api.w.org\/{rel}","templated":true}]}}