{"id":139,"date":"2023-06-16T16:59:00","date_gmt":"2023-06-16T14:59:00","guid":{"rendered":"https:\/\/blog.cyberguardian.tech\/?p=139"},"modified":"2025-08-27T12:59:01","modified_gmt":"2025-08-27T12:59:01","slug":"encuentro-con-aseguradoras-y-principales-actores-del-mundo-del-ciberseguro","status":"publish","type":"post","link":"https:\/\/www.cyberguardian.tech\/blog\/encuentro-con-aseguradoras-y-principales-actores-del-mundo-del-ciberseguro\/","title":{"rendered":"Encuentro con Aseguradoras y actores del mundo del ciberseguro"},"content":{"rendered":"\n<p>Esta semana, los d\u00edas 13 y 14 de junio tuvimos la oportunidad de patrocinar y participar en el <strong><a href=\"https:\/\/revistasic.es\/espacio-tisec\/cronica-junio2023\/\" target=\"_blank\" rel=\"noreferrer noopener\">Espacio tiSec<\/a><\/strong>, de la <a href=\"https:\/\/revistasic.es\" target=\"_blank\" rel=\"noreferrer noopener\">Revista SIC<\/a>, y <strong>compartir experiencias con grandes aseguradoras y los principales actores en el mundo del ciberseguro<\/strong>.<\/p>\n\n\n\n<div class=\"wp-block-jetpack-tiled-gallery aligncenter is-style-rectangular\"><div class=\"\"><div class=\"tiled-gallery__gallery\"><div class=\"tiled-gallery__row\"><div class=\"tiled-gallery__col\" style=\"flex-basis:100.00000%\"><figure class=\"tiled-gallery__item\"><img decoding=\"async\" srcset=\"https:\/\/i0.wp.com\/cyberguardian.tech\/blog\/wp-content\/uploads\/3286c3473996761a-1024x432.png?strip=info&#038;w=600&#038;ssl=1 600w,https:\/\/i0.wp.com\/cyberguardian.tech\/blog\/wp-content\/uploads\/3286c3473996761a-1024x432.png?strip=info&#038;w=900&#038;ssl=1 900w,https:\/\/i0.wp.com\/cyberguardian.tech\/blog\/wp-content\/uploads\/3286c3473996761a-1024x432.png?strip=info&#038;w=1192&#038;ssl=1 1192w\" alt=\"ciberseguro\" data-height=\"503\" data-id=\"1272\" data-link=\"https:\/\/cyberguardian.tech\/blog\/encuentro-con-aseguradoras-y-principales-actores-del-mundo-del-ciberseguro\/3286c3473996761a\/\" data-url=\"https:\/\/cyberguardian.tech\/blog\/wp-content\/uploads\/3286c3473996761a-1024x432.png\" data-width=\"1192\" src=\"https:\/\/i0.wp.com\/cyberguardian.tech\/blog\/wp-content\/uploads\/3286c3473996761a-1024x432.png?ssl=1\" data-amp-layout=\"responsive\"\/><\/figure><\/div><\/div><div class=\"tiled-gallery__row\"><div class=\"tiled-gallery__col\" style=\"flex-basis:32.81720%\"><figure class=\"tiled-gallery__item\"><img decoding=\"async\" srcset=\"https:\/\/i0.wp.com\/cyberguardian.tech\/blog\/wp-content\/uploads\/486c8c27ffe0425d.png?strip=info&#038;w=600&#038;ssl=1 600w,https:\/\/i0.wp.com\/cyberguardian.tech\/blog\/wp-content\/uploads\/486c8c27ffe0425d.png?strip=info&#038;w=897&#038;ssl=1 897w\" alt=\"ciberseguro\" data-height=\"675\" data-id=\"1274\" data-link=\"https:\/\/cyberguardian.tech\/blog\/encuentro-con-aseguradoras-y-principales-actores-del-mundo-del-ciberseguro\/486c8c27ffe0425d\/\" data-url=\"https:\/\/cyberguardian.tech\/blog\/wp-content\/uploads\/486c8c27ffe0425d.png\" data-width=\"897\" src=\"https:\/\/i0.wp.com\/cyberguardian.tech\/blog\/wp-content\/uploads\/486c8c27ffe0425d.png?ssl=1\" data-amp-layout=\"responsive\"\/><\/figure><\/div><div class=\"tiled-gallery__col\" style=\"flex-basis:67.18280%\"><figure class=\"tiled-gallery__item\"><img decoding=\"async\" srcset=\"https:\/\/i0.wp.com\/cyberguardian.tech\/blog\/wp-content\/uploads\/8313b943ce86183d-1024x374.png?strip=info&#038;w=600&#038;ssl=1 600w,https:\/\/i0.wp.com\/cyberguardian.tech\/blog\/wp-content\/uploads\/8313b943ce86183d-1024x374.png?strip=info&#038;w=900&#038;ssl=1 900w,https:\/\/i0.wp.com\/cyberguardian.tech\/blog\/wp-content\/uploads\/8313b943ce86183d-1024x374.png?strip=info&#038;w=1200&#038;ssl=1 1200w,https:\/\/i0.wp.com\/cyberguardian.tech\/blog\/wp-content\/uploads\/8313b943ce86183d-1024x374.png?strip=info&#038;w=1381&#038;ssl=1 1381w\" alt=\"\" data-height=\"505\" data-id=\"1275\" data-link=\"https:\/\/cyberguardian.tech\/blog\/encuentro-con-aseguradoras-y-principales-actores-del-mundo-del-ciberseguro\/8313b943ce86183d\/\" data-url=\"https:\/\/cyberguardian.tech\/blog\/wp-content\/uploads\/8313b943ce86183d-1024x374.png\" data-width=\"1381\" src=\"https:\/\/i0.wp.com\/cyberguardian.tech\/blog\/wp-content\/uploads\/8313b943ce86183d-1024x374.png?ssl=1\" data-amp-layout=\"responsive\"\/><\/figure><\/div><\/div><\/div><\/div><\/div>\n\n\n\n<p><\/p>\n\n\n\n<p>Nuestro Director General, Jos\u00e9 Antonio Castro realiz\u00f3 una ponencia en la primera jornada y particip\u00f3 luego en un interesante debate, donde habl\u00f3 de <strong>lo que aporta <a href=\"https:\/\/www.cyberguardian.tech\/\" target=\"_blank\" rel=\"noreferrer noopener\">Cyber Guardian<\/a> a las empresas pero tambi\u00e9n de lo beneficioso que es para las aseguradoras<\/strong>, aportando informaci\u00f3n durante la vida de los clientes y colaborando estrechamente por blindar el tejido empresarial.<\/p>\n\n\n\n<p>Debemos protegernos antes, durante y despu\u00e9s de un incidente, por ello <strong>la combinaci\u00f3n de una plataforma que cubra los vectores de ataque m\u00e1s avanzados, m\u00e1s un ciberseguro<\/strong> que pueda actuar ante la NO existencia de la Seguridad 100%, <strong>es clave para poder dotar a nuestro negocio de una protecci\u00f3n 360\u00ba.<\/strong><\/p>\n\n\n\n<!--more-->\n\n\n\n<p>De la ponencia de Jos\u00e9 Antonio destacamos estos comentarios:<\/p>\n\n\n\n<p>\u201c<strong>Cyber Guardian se basa en 3 pilares: m\u00e1xima protecci\u00f3n, sencillez y un modelo de precios f\u00e1cil<\/strong>. Un enfoque que permite a las pymes contar con un nivel de ciberseguridad continuo y entendible para anticiparse a sus riesgos.\u201d <\/p>\n\n\n\n<p>\u201c<strong>Cyber Guardian permite proteger los equipos, el correo electr\u00f3nico y la navegaci\u00f3n, as\u00ed como involucrar a los empleados<\/strong> a trav\u00e9s de, por ejemplo, simulaciones de phishing.<\/p>\n\n\n\n<p>Adem\u00e1s, permite <strong>monitorizar de forma proactiva las redes<\/strong> para responder a las amenazas m\u00e1s avanzadas tanto de riesgos internos como externos, de la forma m\u00e1s sencilla posible\u201d<\/p>\n\n\n\n<p>\u201c<strong>La plataforma Cyber Guardian supone una notable ayuda para las aseguradoras<\/strong> y para conseguir una ciberp\u00f3liza, ya que permite entender el nivel de seguridad de cualquier empresa a trav\u00e9s del scoring din\u00e1mico que ofrece, adaptado a cada perfil de organizaci\u00f3n\u201d, coment\u00f3 Jose Antonio Castro.<\/p>\n\n\n\n<p>La complementariedad entre el mundo del ciberseguro y la protecci\u00f3n que ofrece Cyber Guardian abren much\u00edsimas posibilidades de colaboraci\u00f3n.<\/p>\n","protected":false},"excerpt":{"rendered":"<p>Esta semana, los d\u00edas 13 y 14 de junio tuvimos la oportunidad de patrocinar y participar en el Espacio tiSec, de la Revista SIC, y compartir experiencias con grandes aseguradoras y los principales actores en el mundo del ciberseguro. Nuestro Director General, Jos\u00e9 Antonio Castro realiz\u00f3 una ponencia en la primera jornada y particip\u00f3 luego &hellip; <a href=\"https:\/\/www.cyberguardian.tech\/blog\/encuentro-con-aseguradoras-y-principales-actores-del-mundo-del-ciberseguro\/\" class=\"more-link\">Continuar leyendo<span class=\"screen-reader-text\"> \u00abEncuentro con Aseguradoras y actores del mundo del ciberseguro\u00bb<\/span><\/a><\/p>\n","protected":false},"author":6,"featured_media":0,"comment_status":"closed","ping_status":"closed","sticky":false,"template":"","format":"standard","meta":{"_jetpack_memberships_contains_paid_content":false,"footnotes":""},"categories":[4],"tags":[13],"class_list":["post-139","post","type-post","status-publish","format-standard","hentry","category-eventos","tag-ciberseguro"],"yoast_head":"<!-- This site is optimized with the Yoast SEO plugin v27.5 - https:\/\/yoast.com\/product\/yoast-seo-wordpress\/ -->\n<title>Encuentro con Aseguradoras y actores del mundo del ciberseguro - Cyber Guardian - Blog<\/title>\n<meta name=\"description\" content=\"Encuentro Cyber Guardian con Aseguradoras y principales actores del mundo del ciberseguro en Espacio tiSec\" \/>\n<meta name=\"robots\" content=\"index, follow, max-snippet:-1, max-image-preview:large, max-video-preview:-1\" \/>\n<link rel=\"canonical\" href=\"https:\/\/www.cyberguardian.tech\/blog\/encuentro-con-aseguradoras-y-principales-actores-del-mundo-del-ciberseguro\/\" \/>\n<meta property=\"og:locale\" content=\"es_ES\" \/>\n<meta property=\"og:type\" content=\"article\" \/>\n<meta property=\"og:title\" content=\"Encuentro con Aseguradoras y actores del mundo del ciberseguro - Cyber Guardian - Blog\" \/>\n<meta property=\"og:description\" content=\"Encuentro Cyber Guardian con Aseguradoras y principales actores del mundo del ciberseguro en Espacio tiSec\" \/>\n<meta property=\"og:url\" content=\"https:\/\/www.cyberguardian.tech\/blog\/encuentro-con-aseguradoras-y-principales-actores-del-mundo-del-ciberseguro\/\" \/>\n<meta property=\"og:site_name\" content=\"Cyber Guardian - Blog\" \/>\n<meta property=\"article:published_time\" content=\"2023-06-16T14:59:00+00:00\" \/>\n<meta property=\"article:modified_time\" content=\"2025-08-27T12:59:01+00:00\" \/>\n<meta property=\"og:image\" content=\"https:\/\/i0.wp.com\/cyberguardian.tech\/blog\/wp-content\/uploads\/3286c3473996761a-1024x432.png?ssl=1\" \/>\n<meta name=\"author\" content=\"Cyber Guardian\" \/>\n<meta name=\"twitter:card\" content=\"summary_large_image\" \/>\n<meta name=\"twitter:label1\" content=\"Escrito por\" \/>\n\t<meta name=\"twitter:data1\" content=\"Cyber Guardian\" \/>\n\t<meta name=\"twitter:label2\" content=\"Tiempo de lectura\" \/>\n\t<meta name=\"twitter:data2\" content=\"3 minutos\" \/>\n<script type=\"application\/ld+json\" class=\"yoast-schema-graph\">{\"@context\":\"https:\\\/\\\/schema.org\",\"@graph\":[{\"@type\":\"Article\",\"@id\":\"https:\\\/\\\/www.cyberguardian.tech\\\/blog\\\/encuentro-con-aseguradoras-y-principales-actores-del-mundo-del-ciberseguro\\\/#article\",\"isPartOf\":{\"@id\":\"https:\\\/\\\/www.cyberguardian.tech\\\/blog\\\/encuentro-con-aseguradoras-y-principales-actores-del-mundo-del-ciberseguro\\\/\"},\"author\":{\"name\":\"Cyber Guardian\",\"@id\":\"https:\\\/\\\/www.cyberguardian.tech\\\/blog\\\/#\\\/schema\\\/person\\\/a3ed9f985851939bf7cef30f1017d93c\"},\"headline\":\"Encuentro con Aseguradoras y actores del mundo del ciberseguro\",\"datePublished\":\"2023-06-16T14:59:00+00:00\",\"dateModified\":\"2025-08-27T12:59:01+00:00\",\"mainEntityOfPage\":{\"@id\":\"https:\\\/\\\/www.cyberguardian.tech\\\/blog\\\/encuentro-con-aseguradoras-y-principales-actores-del-mundo-del-ciberseguro\\\/\"},\"wordCount\":336,\"image\":{\"@id\":\"https:\\\/\\\/www.cyberguardian.tech\\\/blog\\\/encuentro-con-aseguradoras-y-principales-actores-del-mundo-del-ciberseguro\\\/#primaryimage\"},\"thumbnailUrl\":\"https:\\\/\\\/i0.wp.com\\\/cyberguardian.tech\\\/blog\\\/wp-content\\\/uploads\\\/3286c3473996761a-1024x432.png?ssl=1\",\"keywords\":[\"Ciberseguro\"],\"articleSection\":[\"Eventos\"],\"inLanguage\":\"es\"},{\"@type\":\"WebPage\",\"@id\":\"https:\\\/\\\/www.cyberguardian.tech\\\/blog\\\/encuentro-con-aseguradoras-y-principales-actores-del-mundo-del-ciberseguro\\\/\",\"url\":\"https:\\\/\\\/www.cyberguardian.tech\\\/blog\\\/encuentro-con-aseguradoras-y-principales-actores-del-mundo-del-ciberseguro\\\/\",\"name\":\"Encuentro con Aseguradoras y actores del mundo del ciberseguro - Cyber Guardian - Blog\",\"isPartOf\":{\"@id\":\"https:\\\/\\\/www.cyberguardian.tech\\\/blog\\\/#website\"},\"primaryImageOfPage\":{\"@id\":\"https:\\\/\\\/www.cyberguardian.tech\\\/blog\\\/encuentro-con-aseguradoras-y-principales-actores-del-mundo-del-ciberseguro\\\/#primaryimage\"},\"image\":{\"@id\":\"https:\\\/\\\/www.cyberguardian.tech\\\/blog\\\/encuentro-con-aseguradoras-y-principales-actores-del-mundo-del-ciberseguro\\\/#primaryimage\"},\"thumbnailUrl\":\"https:\\\/\\\/i0.wp.com\\\/cyberguardian.tech\\\/blog\\\/wp-content\\\/uploads\\\/3286c3473996761a-1024x432.png?ssl=1\",\"datePublished\":\"2023-06-16T14:59:00+00:00\",\"dateModified\":\"2025-08-27T12:59:01+00:00\",\"author\":{\"@id\":\"https:\\\/\\\/www.cyberguardian.tech\\\/blog\\\/#\\\/schema\\\/person\\\/a3ed9f985851939bf7cef30f1017d93c\"},\"description\":\"Encuentro Cyber Guardian con Aseguradoras y principales actores del mundo del ciberseguro en Espacio tiSec\",\"breadcrumb\":{\"@id\":\"https:\\\/\\\/www.cyberguardian.tech\\\/blog\\\/encuentro-con-aseguradoras-y-principales-actores-del-mundo-del-ciberseguro\\\/#breadcrumb\"},\"inLanguage\":\"es\",\"potentialAction\":[{\"@type\":\"ReadAction\",\"target\":[\"https:\\\/\\\/www.cyberguardian.tech\\\/blog\\\/encuentro-con-aseguradoras-y-principales-actores-del-mundo-del-ciberseguro\\\/\"]}]},{\"@type\":\"ImageObject\",\"inLanguage\":\"es\",\"@id\":\"https:\\\/\\\/www.cyberguardian.tech\\\/blog\\\/encuentro-con-aseguradoras-y-principales-actores-del-mundo-del-ciberseguro\\\/#primaryimage\",\"url\":\"https:\\\/\\\/i0.wp.com\\\/cyberguardian.tech\\\/blog\\\/wp-content\\\/uploads\\\/3286c3473996761a-1024x432.png?ssl=1\",\"contentUrl\":\"https:\\\/\\\/i0.wp.com\\\/cyberguardian.tech\\\/blog\\\/wp-content\\\/uploads\\\/3286c3473996761a-1024x432.png?ssl=1\"},{\"@type\":\"BreadcrumbList\",\"@id\":\"https:\\\/\\\/www.cyberguardian.tech\\\/blog\\\/encuentro-con-aseguradoras-y-principales-actores-del-mundo-del-ciberseguro\\\/#breadcrumb\",\"itemListElement\":[{\"@type\":\"ListItem\",\"position\":1,\"name\":\"Portada\",\"item\":\"https:\\\/\\\/www.cyberguardian.tech\\\/blog\\\/\"},{\"@type\":\"ListItem\",\"position\":2,\"name\":\"Encuentro con Aseguradoras y actores del mundo del ciberseguro\"}]},{\"@type\":\"WebSite\",\"@id\":\"https:\\\/\\\/www.cyberguardian.tech\\\/blog\\\/#website\",\"url\":\"https:\\\/\\\/www.cyberguardian.tech\\\/blog\\\/\",\"name\":\"Cyber Guardian - Blog\",\"description\":\"Blog sobre ciberseguridad para peque\u00f1as y medianas empresas f\u00e1cil de entender tambi\u00e9n para usuarios no t\u00e9cnicos.\",\"potentialAction\":[{\"@type\":\"SearchAction\",\"target\":{\"@type\":\"EntryPoint\",\"urlTemplate\":\"https:\\\/\\\/www.cyberguardian.tech\\\/blog\\\/?s={search_term_string}\"},\"query-input\":{\"@type\":\"PropertyValueSpecification\",\"valueRequired\":true,\"valueName\":\"search_term_string\"}}],\"inLanguage\":\"es\"},{\"@type\":\"Person\",\"@id\":\"https:\\\/\\\/www.cyberguardian.tech\\\/blog\\\/#\\\/schema\\\/person\\\/a3ed9f985851939bf7cef30f1017d93c\",\"name\":\"Cyber Guardian\",\"image\":{\"@type\":\"ImageObject\",\"inLanguage\":\"es\",\"@id\":\"https:\\\/\\\/secure.gravatar.com\\\/avatar\\\/8f120ab25b7fcac0c91b7b5d2970930a6a93112558b277a8b8353f8bbad0b82a?s=96&d=mm&r=g\",\"url\":\"https:\\\/\\\/secure.gravatar.com\\\/avatar\\\/8f120ab25b7fcac0c91b7b5d2970930a6a93112558b277a8b8353f8bbad0b82a?s=96&d=mm&r=g\",\"contentUrl\":\"https:\\\/\\\/secure.gravatar.com\\\/avatar\\\/8f120ab25b7fcac0c91b7b5d2970930a6a93112558b277a8b8353f8bbad0b82a?s=96&d=mm&r=g\",\"caption\":\"Cyber Guardian\"},\"sameAs\":[\"https:\\\/\\\/cyberguardian.tech\"],\"url\":\"https:\\\/\\\/www.cyberguardian.tech\\\/blog\\\/author\\\/cyberguardian\\\/\"}]}<\/script>\n<!-- \/ Yoast SEO plugin. -->","yoast_head_json":{"title":"Encuentro con Aseguradoras y actores del mundo del ciberseguro - Cyber Guardian - Blog","description":"Encuentro Cyber Guardian con Aseguradoras y principales actores del mundo del ciberseguro en Espacio tiSec","robots":{"index":"index","follow":"follow","max-snippet":"max-snippet:-1","max-image-preview":"max-image-preview:large","max-video-preview":"max-video-preview:-1"},"canonical":"https:\/\/www.cyberguardian.tech\/blog\/encuentro-con-aseguradoras-y-principales-actores-del-mundo-del-ciberseguro\/","og_locale":"es_ES","og_type":"article","og_title":"Encuentro con Aseguradoras y actores del mundo del ciberseguro - Cyber Guardian - Blog","og_description":"Encuentro Cyber Guardian con Aseguradoras y principales actores del mundo del ciberseguro en Espacio tiSec","og_url":"https:\/\/www.cyberguardian.tech\/blog\/encuentro-con-aseguradoras-y-principales-actores-del-mundo-del-ciberseguro\/","og_site_name":"Cyber Guardian - Blog","article_published_time":"2023-06-16T14:59:00+00:00","article_modified_time":"2025-08-27T12:59:01+00:00","og_image":[{"url":"https:\/\/i0.wp.com\/cyberguardian.tech\/blog\/wp-content\/uploads\/3286c3473996761a-1024x432.png?ssl=1","type":"","width":"","height":""}],"author":"Cyber Guardian","twitter_card":"summary_large_image","twitter_misc":{"Escrito por":"Cyber Guardian","Tiempo de lectura":"3 minutos"},"schema":{"@context":"https:\/\/schema.org","@graph":[{"@type":"Article","@id":"https:\/\/www.cyberguardian.tech\/blog\/encuentro-con-aseguradoras-y-principales-actores-del-mundo-del-ciberseguro\/#article","isPartOf":{"@id":"https:\/\/www.cyberguardian.tech\/blog\/encuentro-con-aseguradoras-y-principales-actores-del-mundo-del-ciberseguro\/"},"author":{"name":"Cyber Guardian","@id":"https:\/\/www.cyberguardian.tech\/blog\/#\/schema\/person\/a3ed9f985851939bf7cef30f1017d93c"},"headline":"Encuentro con Aseguradoras y actores del mundo del ciberseguro","datePublished":"2023-06-16T14:59:00+00:00","dateModified":"2025-08-27T12:59:01+00:00","mainEntityOfPage":{"@id":"https:\/\/www.cyberguardian.tech\/blog\/encuentro-con-aseguradoras-y-principales-actores-del-mundo-del-ciberseguro\/"},"wordCount":336,"image":{"@id":"https:\/\/www.cyberguardian.tech\/blog\/encuentro-con-aseguradoras-y-principales-actores-del-mundo-del-ciberseguro\/#primaryimage"},"thumbnailUrl":"https:\/\/i0.wp.com\/cyberguardian.tech\/blog\/wp-content\/uploads\/3286c3473996761a-1024x432.png?ssl=1","keywords":["Ciberseguro"],"articleSection":["Eventos"],"inLanguage":"es"},{"@type":"WebPage","@id":"https:\/\/www.cyberguardian.tech\/blog\/encuentro-con-aseguradoras-y-principales-actores-del-mundo-del-ciberseguro\/","url":"https:\/\/www.cyberguardian.tech\/blog\/encuentro-con-aseguradoras-y-principales-actores-del-mundo-del-ciberseguro\/","name":"Encuentro con Aseguradoras y actores del mundo del ciberseguro - Cyber Guardian - Blog","isPartOf":{"@id":"https:\/\/www.cyberguardian.tech\/blog\/#website"},"primaryImageOfPage":{"@id":"https:\/\/www.cyberguardian.tech\/blog\/encuentro-con-aseguradoras-y-principales-actores-del-mundo-del-ciberseguro\/#primaryimage"},"image":{"@id":"https:\/\/www.cyberguardian.tech\/blog\/encuentro-con-aseguradoras-y-principales-actores-del-mundo-del-ciberseguro\/#primaryimage"},"thumbnailUrl":"https:\/\/i0.wp.com\/cyberguardian.tech\/blog\/wp-content\/uploads\/3286c3473996761a-1024x432.png?ssl=1","datePublished":"2023-06-16T14:59:00+00:00","dateModified":"2025-08-27T12:59:01+00:00","author":{"@id":"https:\/\/www.cyberguardian.tech\/blog\/#\/schema\/person\/a3ed9f985851939bf7cef30f1017d93c"},"description":"Encuentro Cyber Guardian con Aseguradoras y principales actores del mundo del ciberseguro en Espacio tiSec","breadcrumb":{"@id":"https:\/\/www.cyberguardian.tech\/blog\/encuentro-con-aseguradoras-y-principales-actores-del-mundo-del-ciberseguro\/#breadcrumb"},"inLanguage":"es","potentialAction":[{"@type":"ReadAction","target":["https:\/\/www.cyberguardian.tech\/blog\/encuentro-con-aseguradoras-y-principales-actores-del-mundo-del-ciberseguro\/"]}]},{"@type":"ImageObject","inLanguage":"es","@id":"https:\/\/www.cyberguardian.tech\/blog\/encuentro-con-aseguradoras-y-principales-actores-del-mundo-del-ciberseguro\/#primaryimage","url":"https:\/\/i0.wp.com\/cyberguardian.tech\/blog\/wp-content\/uploads\/3286c3473996761a-1024x432.png?ssl=1","contentUrl":"https:\/\/i0.wp.com\/cyberguardian.tech\/blog\/wp-content\/uploads\/3286c3473996761a-1024x432.png?ssl=1"},{"@type":"BreadcrumbList","@id":"https:\/\/www.cyberguardian.tech\/blog\/encuentro-con-aseguradoras-y-principales-actores-del-mundo-del-ciberseguro\/#breadcrumb","itemListElement":[{"@type":"ListItem","position":1,"name":"Portada","item":"https:\/\/www.cyberguardian.tech\/blog\/"},{"@type":"ListItem","position":2,"name":"Encuentro con Aseguradoras y actores del mundo del ciberseguro"}]},{"@type":"WebSite","@id":"https:\/\/www.cyberguardian.tech\/blog\/#website","url":"https:\/\/www.cyberguardian.tech\/blog\/","name":"Cyber Guardian - Blog","description":"Blog sobre ciberseguridad para peque\u00f1as y medianas empresas f\u00e1cil de entender tambi\u00e9n para usuarios no t\u00e9cnicos.","potentialAction":[{"@type":"SearchAction","target":{"@type":"EntryPoint","urlTemplate":"https:\/\/www.cyberguardian.tech\/blog\/?s={search_term_string}"},"query-input":{"@type":"PropertyValueSpecification","valueRequired":true,"valueName":"search_term_string"}}],"inLanguage":"es"},{"@type":"Person","@id":"https:\/\/www.cyberguardian.tech\/blog\/#\/schema\/person\/a3ed9f985851939bf7cef30f1017d93c","name":"Cyber Guardian","image":{"@type":"ImageObject","inLanguage":"es","@id":"https:\/\/secure.gravatar.com\/avatar\/8f120ab25b7fcac0c91b7b5d2970930a6a93112558b277a8b8353f8bbad0b82a?s=96&d=mm&r=g","url":"https:\/\/secure.gravatar.com\/avatar\/8f120ab25b7fcac0c91b7b5d2970930a6a93112558b277a8b8353f8bbad0b82a?s=96&d=mm&r=g","contentUrl":"https:\/\/secure.gravatar.com\/avatar\/8f120ab25b7fcac0c91b7b5d2970930a6a93112558b277a8b8353f8bbad0b82a?s=96&d=mm&r=g","caption":"Cyber Guardian"},"sameAs":["https:\/\/cyberguardian.tech"],"url":"https:\/\/www.cyberguardian.tech\/blog\/author\/cyberguardian\/"}]}},"jetpack_featured_media_url":"","jetpack_sharing_enabled":true,"jetpack-related-posts":[{"id":182,"url":"https:\/\/www.cyberguardian.tech\/blog\/cyber-guardian-en-el-cyber-insurance-day\/","url_meta":{"origin":139,"position":0},"title":"Cyber Guardian en el Cyber Insurance Day 2023","author":"Cyber Guardian","date":"24 de noviembre de 2023","format":false,"excerpt":"El pasado 22 de noviembre asistimos al Cyber Insurance Day. Cerca de 200 personas asistieron a este congreso enfocado en ciberseguridad y ciberseguros que subray\u00f3 la actual relevancia de varios aspectos cruciales relacionados con la seguridad empresarial. Nuestro Director General Jos\u00e9 Antonio Castro ofreci\u00f3 una Keynote donde present\u00f3 la plataforma\u2026","rel":"","context":"En \u00abEventos\u00bb","block_context":{"text":"Eventos","link":"https:\/\/www.cyberguardian.tech\/blog\/category\/eventos\/"},"img":{"alt_text":"Cyber Insurance Day","src":"https:\/\/i0.wp.com\/www.cyberguardian.tech\/blog\/wp-content\/uploads\/2024\/02\/cyber-insurance-day-3.png?resize=350%2C200&ssl=1","width":350,"height":200,"srcset":"https:\/\/i0.wp.com\/www.cyberguardian.tech\/blog\/wp-content\/uploads\/2024\/02\/cyber-insurance-day-3.png?resize=350%2C200&ssl=1 1x, https:\/\/i0.wp.com\/www.cyberguardian.tech\/blog\/wp-content\/uploads\/2024\/02\/cyber-insurance-day-3.png?resize=525%2C300&ssl=1 1.5x, https:\/\/i0.wp.com\/www.cyberguardian.tech\/blog\/wp-content\/uploads\/2024\/02\/cyber-insurance-day-3.png?resize=700%2C400&ssl=1 2x"},"classes":[]},{"id":674,"url":"https:\/\/www.cyberguardian.tech\/blog\/cyber-guardian-en-el-cyberinsurance-day\/","url_meta":{"origin":139,"position":1},"title":"Cyber Guardian en el Cyber Insurance Day 2024","author":"Cyber Guardian","date":"28 de junio de 2024","format":false,"excerpt":"El pasado mi\u00e9rcoles 26 de junio estuvimos en la V Edici\u00f3n de\u00a0Cyber Insurance Day,\u00a0\u00fanico\u00a0evento\u00a0en Espa\u00f1a que fusiona a los sectores de la ciberseguridad y los seguros, y que reuni\u00f3 a expertos en ciberseguros, aseguradoras, mediadores, soluciones de ciberseguridad, y entidades p\u00fablicas. Nuestro Director General, Alexis Alonso particip\u00f3 en la primera\u2026","rel":"","context":"En \u00abEventos\u00bb","block_context":{"text":"Eventos","link":"https:\/\/www.cyberguardian.tech\/blog\/category\/eventos\/"},"img":{"alt_text":"Cyber Insurance Day","src":"https:\/\/i0.wp.com\/www.cyberguardian.tech\/blog\/wp-content\/uploads\/2024\/07\/202406_CyberInsuranceDay_1.png?resize=350%2C200&ssl=1","width":350,"height":200,"srcset":"https:\/\/i0.wp.com\/www.cyberguardian.tech\/blog\/wp-content\/uploads\/2024\/07\/202406_CyberInsuranceDay_1.png?resize=350%2C200&ssl=1 1x, https:\/\/i0.wp.com\/www.cyberguardian.tech\/blog\/wp-content\/uploads\/2024\/07\/202406_CyberInsuranceDay_1.png?resize=525%2C300&ssl=1 1.5x, https:\/\/i0.wp.com\/www.cyberguardian.tech\/blog\/wp-content\/uploads\/2024\/07\/202406_CyberInsuranceDay_1.png?resize=700%2C400&ssl=1 2x, https:\/\/i0.wp.com\/www.cyberguardian.tech\/blog\/wp-content\/uploads\/2024\/07\/202406_CyberInsuranceDay_1.png?resize=1050%2C600&ssl=1 3x"},"classes":[]},{"id":113,"url":"https:\/\/www.cyberguardian.tech\/blog\/ciberseguridad-como-proteger-el-negocio-frente-a-las-crecientes-amenazas\/","url_meta":{"origin":139,"position":2},"title":"Ciberseguridad: c\u00f3mo proteger el negocio frente a las crecientes amenazas","author":"Cyber Guardian","date":"24 de mayo de 2023","format":false,"excerpt":"Os dejamos este art\u00edculo interesante en El Economista para aquellas PYMEs que tengan inquietudes acerca de la Ciberseguridad y donde adem\u00e1s se menciona a Cyber Guardian.","rel":"","context":"En \u00abNoticias Cyber\u00bb","block_context":{"text":"Noticias Cyber","link":"https:\/\/www.cyberguardian.tech\/blog\/category\/noticias-cyber\/"},"img":{"alt_text":"","src":"","width":0,"height":0},"classes":[]},{"id":267,"url":"https:\/\/www.cyberguardian.tech\/blog\/cyber-guardian-en-el-i-congreso-de-ciberseguridad-para-pymes\/","url_meta":{"origin":139,"position":3},"title":"Cyber Guardian en el I Congreso de Ciberseguridad para pymes","author":"Cyber Guardian","date":"16 de diciembre de 2022","format":false,"excerpt":"Esta semana Cyber Guardian estuvo en el I Congreso de Ciberseguridad para PYMES en Madrid, organizado conjuntamente por ISMS Forum\u00a0y\u00a0Cluster CyberMadrid. Nuestro responsable global Jose Antonio Castro habl\u00f3 del contexto actual de las amenazas de ciberseguridad donde las PYMES son las m\u00e1s vulnerables. \"Las peque\u00f1as y medianas empresas viven tres\u2026","rel":"","context":"En \u00abEventos\u00bb","block_context":{"text":"Eventos","link":"https:\/\/www.cyberguardian.tech\/blog\/category\/eventos\/"},"img":{"alt_text":"Congreso Ciberseguridad Pymes","src":"https:\/\/i0.wp.com\/www.cyberguardian.tech\/blog\/wp-content\/uploads\/336c12f8fe3e08d6.png?resize=350%2C200&ssl=1","width":350,"height":200,"srcset":"https:\/\/i0.wp.com\/www.cyberguardian.tech\/blog\/wp-content\/uploads\/336c12f8fe3e08d6.png?resize=350%2C200&ssl=1 1x, https:\/\/i0.wp.com\/www.cyberguardian.tech\/blog\/wp-content\/uploads\/336c12f8fe3e08d6.png?resize=525%2C300&ssl=1 1.5x, https:\/\/i0.wp.com\/www.cyberguardian.tech\/blog\/wp-content\/uploads\/336c12f8fe3e08d6.png?resize=700%2C400&ssl=1 2x"},"classes":[]},{"id":190,"url":"https:\/\/www.cyberguardian.tech\/blog\/cyber-guardian-en-evento-ecosistemas-de-ciberseguridad-en-madrid\/","url_meta":{"origin":139,"position":4},"title":"Cyber Guardian en evento \u00abEcosistemas de Ciberseguridad en Madrid\u00bb","author":"Cyber Guardian","date":"23 de febrero de 2024","format":false,"excerpt":"El pasado viernes 23 de Febrero estuvimos en el evento \u201cEcosistemas de Ciberseguridad en Madrid\u201d una jornada sobre ciberseguridad en CEIM - Confederaci\u00f3n Empresarial de Madrid-CEOE donde las principales empresas del sector de Ciberseguridad compartimos nuestra visi\u00f3n sobre la situaci\u00f3n del sector en\u00a0Madrid, los retos existentes y diferentes propuestas para\u2026","rel":"","context":"En \u00abEventos\u00bb","block_context":{"text":"Eventos","link":"https:\/\/www.cyberguardian.tech\/blog\/category\/eventos\/"},"img":{"alt_text":"","src":"https:\/\/i0.wp.com\/www.cyberguardian.tech\/blog\/wp-content\/uploads\/2024\/02\/imagen1-150x150.jpg?resize=350%2C200&ssl=1","width":350,"height":200,"srcset":"https:\/\/i0.wp.com\/www.cyberguardian.tech\/blog\/wp-content\/uploads\/2024\/02\/imagen1-150x150.jpg?resize=350%2C200&ssl=1 1x, https:\/\/i0.wp.com\/www.cyberguardian.tech\/blog\/wp-content\/uploads\/2024\/02\/imagen1-150x150.jpg?resize=525%2C300&ssl=1 1.5x, https:\/\/i0.wp.com\/www.cyberguardian.tech\/blog\/wp-content\/uploads\/2024\/02\/imagen1-150x150.jpg?resize=700%2C400&ssl=1 2x, https:\/\/i0.wp.com\/www.cyberguardian.tech\/blog\/wp-content\/uploads\/2024\/02\/imagen1-150x150.jpg?resize=1050%2C600&ssl=1 3x"},"classes":[]},{"id":13,"url":"https:\/\/www.cyberguardian.tech\/blog\/cyber-guardian-en-el-des-2022\/","url_meta":{"origin":139,"position":5},"title":"Cyber Guardian en el DES 2022","author":"Cyber Guardian","date":"20 de junio de 2022","format":false,"excerpt":"La semana pasada Cyber Guardian estuvo junto a Banco Santander, en el DES | Digital Enterprise Show 2022, el evento tecnol\u00f3gico l\u00edder a nivel global dedicado a la transformaci\u00f3n digital donde tuvimos la oportunidad de presentar Cyber Guardian a multitud de empresas que se acercaron por el stand de Banco\u2026","rel":"","context":"En \u00abEventos\u00bb","block_context":{"text":"Eventos","link":"https:\/\/www.cyberguardian.tech\/blog\/category\/eventos\/"},"img":{"alt_text":"Ciberseguridad DES 2022","src":"https:\/\/i0.wp.com\/www.cyberguardian.tech\/blog\/wp-content\/uploads\/52c6d3e6b4c0a389.png?resize=350%2C200&ssl=1","width":350,"height":200,"srcset":"https:\/\/i0.wp.com\/www.cyberguardian.tech\/blog\/wp-content\/uploads\/52c6d3e6b4c0a389.png?resize=350%2C200&ssl=1 1x, https:\/\/i0.wp.com\/www.cyberguardian.tech\/blog\/wp-content\/uploads\/52c6d3e6b4c0a389.png?resize=525%2C300&ssl=1 1.5x, https:\/\/i0.wp.com\/www.cyberguardian.tech\/blog\/wp-content\/uploads\/52c6d3e6b4c0a389.png?resize=700%2C400&ssl=1 2x"},"classes":[]}],"_links":{"self":[{"href":"https:\/\/www.cyberguardian.tech\/blog\/wp-json\/wp\/v2\/posts\/139","targetHints":{"allow":["GET"]}}],"collection":[{"href":"https:\/\/www.cyberguardian.tech\/blog\/wp-json\/wp\/v2\/posts"}],"about":[{"href":"https:\/\/www.cyberguardian.tech\/blog\/wp-json\/wp\/v2\/types\/post"}],"author":[{"embeddable":true,"href":"https:\/\/www.cyberguardian.tech\/blog\/wp-json\/wp\/v2\/users\/6"}],"replies":[{"embeddable":true,"href":"https:\/\/www.cyberguardian.tech\/blog\/wp-json\/wp\/v2\/comments?post=139"}],"version-history":[{"count":2,"href":"https:\/\/www.cyberguardian.tech\/blog\/wp-json\/wp\/v2\/posts\/139\/revisions"}],"predecessor-version":[{"id":1276,"href":"https:\/\/www.cyberguardian.tech\/blog\/wp-json\/wp\/v2\/posts\/139\/revisions\/1276"}],"wp:attachment":[{"href":"https:\/\/www.cyberguardian.tech\/blog\/wp-json\/wp\/v2\/media?parent=139"}],"wp:term":[{"taxonomy":"category","embeddable":true,"href":"https:\/\/www.cyberguardian.tech\/blog\/wp-json\/wp\/v2\/categories?post=139"},{"taxonomy":"post_tag","embeddable":true,"href":"https:\/\/www.cyberguardian.tech\/blog\/wp-json\/wp\/v2\/tags?post=139"}],"curies":[{"name":"wp","href":"https:\/\/api.w.org\/{rel}","templated":true}]}}