{"id":169,"date":"2023-06-30T17:48:00","date_gmt":"2023-06-30T15:48:00","guid":{"rendered":"https:\/\/blog.cyberguardian.tech\/?p=169"},"modified":"2026-02-19T09:50:22","modified_gmt":"2026-02-19T09:50:22","slug":"cyber-guardian-en-el-des-malaga-2023","status":"publish","type":"post","link":"https:\/\/www.cyberguardian.tech\/blog\/cyber-guardian-en-el-des-malaga-2023\/","title":{"rendered":"Cyber Guardian en el DES M\u00e1laga 2023"},"content":{"rendered":"\n<p>Del 13 al 15 de junio Cyber Guardian estuvo junto al <a href=\"https:\/\/www.bancosantander.es\/\" target=\"_blank\" rel=\"noreferrer noopener\">Banco Santander<\/a>, en el <strong>DES 2023<\/strong>, <strong><a href=\"https:\/\/www.des-show.com\/es\/\" target=\"_blank\" rel=\"noreferrer noopener\">Digital Enterprise Show<\/a>,<\/strong> y m\u00e1s concretamente el d\u00eda 15 realizamos una ponencia en la zona \u201c<a href=\"https:\/\/www.des-show.com\/es\/digital-business-world-congress\/espana-pyme-digital\/\" target=\"_blank\" rel=\"noreferrer noopener\">Espa\u00f1a Pyme Digital<\/a>\u201d donde desvelamos c\u00f3mo en ciberseguridad podemos <strong>alejarnos de la diana del ciberataque<\/strong>.<\/p>\n\n\n\n<figure class=\"wp-block-image size-large\"><img loading=\"lazy\" decoding=\"async\" width=\"901\" height=\"636\" src=\"https:\/\/cyberguardian.tech\/blog\/wp-content\/uploads\/2024\/03\/des-2023-2.png?w=901\" alt=\"\" class=\"wp-image-279\" srcset=\"https:\/\/www.cyberguardian.tech\/blog\/wp-content\/uploads\/2024\/03\/des-2023-2.png 901w, https:\/\/www.cyberguardian.tech\/blog\/wp-content\/uploads\/2024\/03\/des-2023-2-300x212.png 300w, https:\/\/www.cyberguardian.tech\/blog\/wp-content\/uploads\/2024\/03\/des-2023-2-768x542.png 768w\" sizes=\"auto, (max-width: 709px) 85vw, (max-width: 909px) 67vw, (max-width: 1362px) 62vw, 840px\" \/><\/figure>\n\n\n\n<p><\/p>\n\n\n\n<p>Hasta el momento era tedioso y costoso securizar los negocios para alejarnos de la diana, ahora con <a href=\"https:\/\/www.cyberguardian.tech\/\" target=\"_blank\" rel=\"noreferrer noopener\">Cyber Guardian<\/a>, centrada en la casu\u00edstica de las pymes, se podr\u00e1n dotar de una soluci\u00f3n completa, desde la protecci\u00f3n de los sistemas hasta la formaci\u00f3n de los empleados para alejarles del centro de la diana, con tres premisas:<\/p>\n\n\n\n<p>\u00b7&nbsp;&nbsp;&nbsp;&nbsp;&nbsp; F\u00e1cil despliegue y en lenguaje adaptado.<\/p>\n\n\n\n<p>\u00b7&nbsp;&nbsp;&nbsp;&nbsp;&nbsp; Precio sin sorpresas y al alcance de todos.<\/p>\n\n\n\n<p>\u00b7&nbsp;&nbsp;&nbsp;&nbsp;&nbsp; Protecci\u00f3n avanzada<\/p>\n\n\n\n<p><strong>Nuestros panelistas Jos\u00e9 Antonio Castro Gonz\u00e1lez y Alexis Alonso Ar\u00e9valo compartieron su experiencia y ofrecieron en el DES consejos pr\u00e1cticos para ayudar a fortalecer la ciberseguridad de las pymes.<\/strong><\/p>\n\n\n\n<p>Ha sido super interesante pasar estos 3 d\u00edas rodeados de empresas y start-ups. Una delicia ver a tantas y tantas empresas que est\u00e1n innovando, y que con Cyber Guardian lo pueden hacer de manera segura.<\/p>\n\n\n\n<p>Puedes consultar <a href=\"https:\/\/www.cyberguardian.tech\/blog\/cyber-guardian-en-el-des-2022\/\" target=\"_blank\" rel=\"noreferrer noopener\">aqu\u00ed <\/a>la entrada de nuestro blog sobre la participaci\u00f3n de Cyber Guardian en el <strong>DES M\u00e1laga 2022<\/strong>.<\/p>\n\n\n\n<p><\/p>\n","protected":false},"excerpt":{"rendered":"<p>Del 13 al 15 de junio Cyber Guardian estuvo junto al Banco Santander, en el DES 2023, Digital Enterprise Show, y m\u00e1s concretamente el d\u00eda 15 realizamos una ponencia en la zona \u201cEspa\u00f1a Pyme Digital\u201d donde desvelamos c\u00f3mo en ciberseguridad podemos alejarnos de la diana del ciberataque. Hasta el momento era tedioso y costoso securizar &hellip; <a href=\"https:\/\/www.cyberguardian.tech\/blog\/cyber-guardian-en-el-des-malaga-2023\/\" class=\"more-link\">Continuar leyendo<span class=\"screen-reader-text\"> \u00abCyber Guardian en el DES M\u00e1laga 2023\u00bb<\/span><\/a><\/p>\n","protected":false},"author":6,"featured_media":0,"comment_status":"closed","ping_status":"closed","sticky":false,"template":"","format":"standard","meta":{"_jetpack_memberships_contains_paid_content":false,"footnotes":""},"categories":[4],"tags":[3,6],"class_list":["post-169","post","type-post","status-publish","format-standard","hentry","category-eventos","tag-des","tag-santander"],"yoast_head":"<!-- This site is optimized with the Yoast SEO plugin v27.5 - https:\/\/yoast.com\/product\/yoast-seo-wordpress\/ -->\n<title>Ciberseguridad DES: Cyber Guardian en el DES M\u00e1laga 2023<\/title>\n<meta name=\"description\" content=\"Ciberseguridad DES: Cyber Guardian estuvo en el DES M\u00e1laga 2023, donde desvelamos c\u00f3mo alejarnos de la diana del ciberataque.\" \/>\n<meta name=\"robots\" content=\"index, follow, max-snippet:-1, max-image-preview:large, max-video-preview:-1\" \/>\n<link rel=\"canonical\" href=\"https:\/\/www.cyberguardian.tech\/blog\/cyber-guardian-en-el-des-malaga-2023\/\" \/>\n<meta property=\"og:locale\" content=\"es_ES\" \/>\n<meta property=\"og:type\" content=\"article\" \/>\n<meta property=\"og:title\" content=\"Ciberseguridad DES: Cyber Guardian en el DES M\u00e1laga 2023\" \/>\n<meta property=\"og:description\" content=\"Ciberseguridad DES: Cyber Guardian estuvo en el DES M\u00e1laga 2023, donde desvelamos c\u00f3mo alejarnos de la diana del ciberataque.\" \/>\n<meta property=\"og:url\" content=\"https:\/\/www.cyberguardian.tech\/blog\/cyber-guardian-en-el-des-malaga-2023\/\" \/>\n<meta property=\"og:site_name\" content=\"Cyber Guardian - Blog\" \/>\n<meta property=\"article:published_time\" content=\"2023-06-30T15:48:00+00:00\" \/>\n<meta property=\"article:modified_time\" content=\"2026-02-19T09:50:22+00:00\" \/>\n<meta property=\"og:image\" content=\"https:\/\/www.cyberguardian.tech\/blog\/wp-content\/uploads\/2024\/03\/des-2023-2.png\" \/>\n\t<meta property=\"og:image:width\" content=\"901\" \/>\n\t<meta property=\"og:image:height\" content=\"636\" \/>\n\t<meta property=\"og:image:type\" content=\"image\/png\" \/>\n<meta name=\"author\" content=\"Cyber Guardian\" \/>\n<meta name=\"twitter:card\" content=\"summary_large_image\" \/>\n<meta name=\"twitter:label1\" content=\"Escrito por\" \/>\n\t<meta name=\"twitter:data1\" content=\"Cyber Guardian\" \/>\n\t<meta name=\"twitter:label2\" content=\"Tiempo de lectura\" \/>\n\t<meta name=\"twitter:data2\" content=\"2 minutos\" \/>\n<script type=\"application\/ld+json\" class=\"yoast-schema-graph\">{\"@context\":\"https:\\\/\\\/schema.org\",\"@graph\":[{\"@type\":\"Article\",\"@id\":\"https:\\\/\\\/www.cyberguardian.tech\\\/blog\\\/cyber-guardian-en-el-des-malaga-2023\\\/#article\",\"isPartOf\":{\"@id\":\"https:\\\/\\\/www.cyberguardian.tech\\\/blog\\\/cyber-guardian-en-el-des-malaga-2023\\\/\"},\"author\":{\"name\":\"Cyber Guardian\",\"@id\":\"https:\\\/\\\/www.cyberguardian.tech\\\/blog\\\/#\\\/schema\\\/person\\\/a3ed9f985851939bf7cef30f1017d93c\"},\"headline\":\"Cyber Guardian en el DES M\u00e1laga 2023\",\"datePublished\":\"2023-06-30T15:48:00+00:00\",\"dateModified\":\"2026-02-19T09:50:22+00:00\",\"mainEntityOfPage\":{\"@id\":\"https:\\\/\\\/www.cyberguardian.tech\\\/blog\\\/cyber-guardian-en-el-des-malaga-2023\\\/\"},\"wordCount\":235,\"image\":{\"@id\":\"https:\\\/\\\/www.cyberguardian.tech\\\/blog\\\/cyber-guardian-en-el-des-malaga-2023\\\/#primaryimage\"},\"thumbnailUrl\":\"https:\\\/\\\/cyberguardian.tech\\\/blog\\\/wp-content\\\/uploads\\\/2024\\\/03\\\/des-2023-2.png?w=901\",\"keywords\":[\"DES\",\"Santander\"],\"articleSection\":[\"Eventos\"],\"inLanguage\":\"es\"},{\"@type\":\"WebPage\",\"@id\":\"https:\\\/\\\/www.cyberguardian.tech\\\/blog\\\/cyber-guardian-en-el-des-malaga-2023\\\/\",\"url\":\"https:\\\/\\\/www.cyberguardian.tech\\\/blog\\\/cyber-guardian-en-el-des-malaga-2023\\\/\",\"name\":\"Ciberseguridad DES: Cyber Guardian en el DES M\u00e1laga 2023\",\"isPartOf\":{\"@id\":\"https:\\\/\\\/www.cyberguardian.tech\\\/blog\\\/#website\"},\"primaryImageOfPage\":{\"@id\":\"https:\\\/\\\/www.cyberguardian.tech\\\/blog\\\/cyber-guardian-en-el-des-malaga-2023\\\/#primaryimage\"},\"image\":{\"@id\":\"https:\\\/\\\/www.cyberguardian.tech\\\/blog\\\/cyber-guardian-en-el-des-malaga-2023\\\/#primaryimage\"},\"thumbnailUrl\":\"https:\\\/\\\/cyberguardian.tech\\\/blog\\\/wp-content\\\/uploads\\\/2024\\\/03\\\/des-2023-2.png?w=901\",\"datePublished\":\"2023-06-30T15:48:00+00:00\",\"dateModified\":\"2026-02-19T09:50:22+00:00\",\"author\":{\"@id\":\"https:\\\/\\\/www.cyberguardian.tech\\\/blog\\\/#\\\/schema\\\/person\\\/a3ed9f985851939bf7cef30f1017d93c\"},\"description\":\"Ciberseguridad DES: Cyber Guardian estuvo en el DES M\u00e1laga 2023, donde desvelamos c\u00f3mo alejarnos de la diana del ciberataque.\",\"breadcrumb\":{\"@id\":\"https:\\\/\\\/www.cyberguardian.tech\\\/blog\\\/cyber-guardian-en-el-des-malaga-2023\\\/#breadcrumb\"},\"inLanguage\":\"es\",\"potentialAction\":[{\"@type\":\"ReadAction\",\"target\":[\"https:\\\/\\\/www.cyberguardian.tech\\\/blog\\\/cyber-guardian-en-el-des-malaga-2023\\\/\"]}]},{\"@type\":\"ImageObject\",\"inLanguage\":\"es\",\"@id\":\"https:\\\/\\\/www.cyberguardian.tech\\\/blog\\\/cyber-guardian-en-el-des-malaga-2023\\\/#primaryimage\",\"url\":\"https:\\\/\\\/cyberguardian.tech\\\/blog\\\/wp-content\\\/uploads\\\/2024\\\/03\\\/des-2023-2.png?w=901\",\"contentUrl\":\"https:\\\/\\\/cyberguardian.tech\\\/blog\\\/wp-content\\\/uploads\\\/2024\\\/03\\\/des-2023-2.png?w=901\"},{\"@type\":\"BreadcrumbList\",\"@id\":\"https:\\\/\\\/www.cyberguardian.tech\\\/blog\\\/cyber-guardian-en-el-des-malaga-2023\\\/#breadcrumb\",\"itemListElement\":[{\"@type\":\"ListItem\",\"position\":1,\"name\":\"Portada\",\"item\":\"https:\\\/\\\/www.cyberguardian.tech\\\/blog\\\/\"},{\"@type\":\"ListItem\",\"position\":2,\"name\":\"Cyber Guardian en el DES M\u00e1laga 2023\"}]},{\"@type\":\"WebSite\",\"@id\":\"https:\\\/\\\/www.cyberguardian.tech\\\/blog\\\/#website\",\"url\":\"https:\\\/\\\/www.cyberguardian.tech\\\/blog\\\/\",\"name\":\"Cyber Guardian - Blog\",\"description\":\"Blog sobre ciberseguridad para peque\u00f1as y medianas empresas f\u00e1cil de entender tambi\u00e9n para usuarios no t\u00e9cnicos.\",\"potentialAction\":[{\"@type\":\"SearchAction\",\"target\":{\"@type\":\"EntryPoint\",\"urlTemplate\":\"https:\\\/\\\/www.cyberguardian.tech\\\/blog\\\/?s={search_term_string}\"},\"query-input\":{\"@type\":\"PropertyValueSpecification\",\"valueRequired\":true,\"valueName\":\"search_term_string\"}}],\"inLanguage\":\"es\"},{\"@type\":\"Person\",\"@id\":\"https:\\\/\\\/www.cyberguardian.tech\\\/blog\\\/#\\\/schema\\\/person\\\/a3ed9f985851939bf7cef30f1017d93c\",\"name\":\"Cyber Guardian\",\"image\":{\"@type\":\"ImageObject\",\"inLanguage\":\"es\",\"@id\":\"https:\\\/\\\/secure.gravatar.com\\\/avatar\\\/8f120ab25b7fcac0c91b7b5d2970930a6a93112558b277a8b8353f8bbad0b82a?s=96&d=mm&r=g\",\"url\":\"https:\\\/\\\/secure.gravatar.com\\\/avatar\\\/8f120ab25b7fcac0c91b7b5d2970930a6a93112558b277a8b8353f8bbad0b82a?s=96&d=mm&r=g\",\"contentUrl\":\"https:\\\/\\\/secure.gravatar.com\\\/avatar\\\/8f120ab25b7fcac0c91b7b5d2970930a6a93112558b277a8b8353f8bbad0b82a?s=96&d=mm&r=g\",\"caption\":\"Cyber Guardian\"},\"sameAs\":[\"https:\\\/\\\/cyberguardian.tech\"],\"url\":\"https:\\\/\\\/www.cyberguardian.tech\\\/blog\\\/author\\\/cyberguardian\\\/\"}]}<\/script>\n<!-- \/ Yoast SEO plugin. -->","yoast_head_json":{"title":"Ciberseguridad DES: Cyber Guardian en el DES M\u00e1laga 2023","description":"Ciberseguridad DES: Cyber Guardian estuvo en el DES M\u00e1laga 2023, donde desvelamos c\u00f3mo alejarnos de la diana del ciberataque.","robots":{"index":"index","follow":"follow","max-snippet":"max-snippet:-1","max-image-preview":"max-image-preview:large","max-video-preview":"max-video-preview:-1"},"canonical":"https:\/\/www.cyberguardian.tech\/blog\/cyber-guardian-en-el-des-malaga-2023\/","og_locale":"es_ES","og_type":"article","og_title":"Ciberseguridad DES: Cyber Guardian en el DES M\u00e1laga 2023","og_description":"Ciberseguridad DES: Cyber Guardian estuvo en el DES M\u00e1laga 2023, donde desvelamos c\u00f3mo alejarnos de la diana del ciberataque.","og_url":"https:\/\/www.cyberguardian.tech\/blog\/cyber-guardian-en-el-des-malaga-2023\/","og_site_name":"Cyber Guardian - Blog","article_published_time":"2023-06-30T15:48:00+00:00","article_modified_time":"2026-02-19T09:50:22+00:00","og_image":[{"width":901,"height":636,"url":"https:\/\/www.cyberguardian.tech\/blog\/wp-content\/uploads\/2024\/03\/des-2023-2.png","type":"image\/png"}],"author":"Cyber Guardian","twitter_card":"summary_large_image","twitter_misc":{"Escrito por":"Cyber Guardian","Tiempo de lectura":"2 minutos"},"schema":{"@context":"https:\/\/schema.org","@graph":[{"@type":"Article","@id":"https:\/\/www.cyberguardian.tech\/blog\/cyber-guardian-en-el-des-malaga-2023\/#article","isPartOf":{"@id":"https:\/\/www.cyberguardian.tech\/blog\/cyber-guardian-en-el-des-malaga-2023\/"},"author":{"name":"Cyber Guardian","@id":"https:\/\/www.cyberguardian.tech\/blog\/#\/schema\/person\/a3ed9f985851939bf7cef30f1017d93c"},"headline":"Cyber Guardian en el DES M\u00e1laga 2023","datePublished":"2023-06-30T15:48:00+00:00","dateModified":"2026-02-19T09:50:22+00:00","mainEntityOfPage":{"@id":"https:\/\/www.cyberguardian.tech\/blog\/cyber-guardian-en-el-des-malaga-2023\/"},"wordCount":235,"image":{"@id":"https:\/\/www.cyberguardian.tech\/blog\/cyber-guardian-en-el-des-malaga-2023\/#primaryimage"},"thumbnailUrl":"https:\/\/cyberguardian.tech\/blog\/wp-content\/uploads\/2024\/03\/des-2023-2.png?w=901","keywords":["DES","Santander"],"articleSection":["Eventos"],"inLanguage":"es"},{"@type":"WebPage","@id":"https:\/\/www.cyberguardian.tech\/blog\/cyber-guardian-en-el-des-malaga-2023\/","url":"https:\/\/www.cyberguardian.tech\/blog\/cyber-guardian-en-el-des-malaga-2023\/","name":"Ciberseguridad DES: Cyber Guardian en el DES M\u00e1laga 2023","isPartOf":{"@id":"https:\/\/www.cyberguardian.tech\/blog\/#website"},"primaryImageOfPage":{"@id":"https:\/\/www.cyberguardian.tech\/blog\/cyber-guardian-en-el-des-malaga-2023\/#primaryimage"},"image":{"@id":"https:\/\/www.cyberguardian.tech\/blog\/cyber-guardian-en-el-des-malaga-2023\/#primaryimage"},"thumbnailUrl":"https:\/\/cyberguardian.tech\/blog\/wp-content\/uploads\/2024\/03\/des-2023-2.png?w=901","datePublished":"2023-06-30T15:48:00+00:00","dateModified":"2026-02-19T09:50:22+00:00","author":{"@id":"https:\/\/www.cyberguardian.tech\/blog\/#\/schema\/person\/a3ed9f985851939bf7cef30f1017d93c"},"description":"Ciberseguridad DES: Cyber Guardian estuvo en el DES M\u00e1laga 2023, donde desvelamos c\u00f3mo alejarnos de la diana del ciberataque.","breadcrumb":{"@id":"https:\/\/www.cyberguardian.tech\/blog\/cyber-guardian-en-el-des-malaga-2023\/#breadcrumb"},"inLanguage":"es","potentialAction":[{"@type":"ReadAction","target":["https:\/\/www.cyberguardian.tech\/blog\/cyber-guardian-en-el-des-malaga-2023\/"]}]},{"@type":"ImageObject","inLanguage":"es","@id":"https:\/\/www.cyberguardian.tech\/blog\/cyber-guardian-en-el-des-malaga-2023\/#primaryimage","url":"https:\/\/cyberguardian.tech\/blog\/wp-content\/uploads\/2024\/03\/des-2023-2.png?w=901","contentUrl":"https:\/\/cyberguardian.tech\/blog\/wp-content\/uploads\/2024\/03\/des-2023-2.png?w=901"},{"@type":"BreadcrumbList","@id":"https:\/\/www.cyberguardian.tech\/blog\/cyber-guardian-en-el-des-malaga-2023\/#breadcrumb","itemListElement":[{"@type":"ListItem","position":1,"name":"Portada","item":"https:\/\/www.cyberguardian.tech\/blog\/"},{"@type":"ListItem","position":2,"name":"Cyber Guardian en el DES M\u00e1laga 2023"}]},{"@type":"WebSite","@id":"https:\/\/www.cyberguardian.tech\/blog\/#website","url":"https:\/\/www.cyberguardian.tech\/blog\/","name":"Cyber Guardian - Blog","description":"Blog sobre ciberseguridad para peque\u00f1as y medianas empresas f\u00e1cil de entender tambi\u00e9n para usuarios no t\u00e9cnicos.","potentialAction":[{"@type":"SearchAction","target":{"@type":"EntryPoint","urlTemplate":"https:\/\/www.cyberguardian.tech\/blog\/?s={search_term_string}"},"query-input":{"@type":"PropertyValueSpecification","valueRequired":true,"valueName":"search_term_string"}}],"inLanguage":"es"},{"@type":"Person","@id":"https:\/\/www.cyberguardian.tech\/blog\/#\/schema\/person\/a3ed9f985851939bf7cef30f1017d93c","name":"Cyber Guardian","image":{"@type":"ImageObject","inLanguage":"es","@id":"https:\/\/secure.gravatar.com\/avatar\/8f120ab25b7fcac0c91b7b5d2970930a6a93112558b277a8b8353f8bbad0b82a?s=96&d=mm&r=g","url":"https:\/\/secure.gravatar.com\/avatar\/8f120ab25b7fcac0c91b7b5d2970930a6a93112558b277a8b8353f8bbad0b82a?s=96&d=mm&r=g","contentUrl":"https:\/\/secure.gravatar.com\/avatar\/8f120ab25b7fcac0c91b7b5d2970930a6a93112558b277a8b8353f8bbad0b82a?s=96&d=mm&r=g","caption":"Cyber Guardian"},"sameAs":["https:\/\/cyberguardian.tech"],"url":"https:\/\/www.cyberguardian.tech\/blog\/author\/cyberguardian\/"}]}},"jetpack_featured_media_url":"","jetpack_sharing_enabled":true,"jetpack-related-posts":[{"id":13,"url":"https:\/\/www.cyberguardian.tech\/blog\/cyber-guardian-en-el-des-2022\/","url_meta":{"origin":169,"position":0},"title":"Cyber Guardian en el DES 2022","author":"Cyber Guardian","date":"20 de junio de 2022","format":false,"excerpt":"La semana pasada Cyber Guardian estuvo junto a Banco Santander, en el DES | Digital Enterprise Show 2022, el evento tecnol\u00f3gico l\u00edder a nivel global dedicado a la transformaci\u00f3n digital donde tuvimos la oportunidad de presentar Cyber Guardian a multitud de empresas que se acercaron por el stand de Banco\u2026","rel":"","context":"En \u00abEventos\u00bb","block_context":{"text":"Eventos","link":"https:\/\/www.cyberguardian.tech\/blog\/category\/eventos\/"},"img":{"alt_text":"Ciberseguridad DES 2022","src":"https:\/\/i0.wp.com\/www.cyberguardian.tech\/blog\/wp-content\/uploads\/52c6d3e6b4c0a389.png?resize=350%2C200&ssl=1","width":350,"height":200,"srcset":"https:\/\/i0.wp.com\/www.cyberguardian.tech\/blog\/wp-content\/uploads\/52c6d3e6b4c0a389.png?resize=350%2C200&ssl=1 1x, https:\/\/i0.wp.com\/www.cyberguardian.tech\/blog\/wp-content\/uploads\/52c6d3e6b4c0a389.png?resize=525%2C300&ssl=1 1.5x, https:\/\/i0.wp.com\/www.cyberguardian.tech\/blog\/wp-content\/uploads\/52c6d3e6b4c0a389.png?resize=700%2C400&ssl=1 2x"},"classes":[]},{"id":126,"url":"https:\/\/www.cyberguardian.tech\/blog\/encuentro-cyber-guardian-con-empresarios-en-work-cafe-santander-pamplona\/","url_meta":{"origin":169,"position":1},"title":"Encuentro Cyber Guardian con empresarios en Work Caf\u00e9 Santander Pamplona","author":"Cyber Guardian","date":"2 de junio de 2023","format":false,"excerpt":"El pasado martes, 30 de mayo estuvimos en un nuevo encuentro con empresarios en el Work Caf\u00e9 de Santander Pamplona. Nuestro Director de Desarrollo de Negocio, Alexis Alonso Ar\u00e9valo explic\u00f3 c\u00f3mo las pymes pueden ser objetivo de los ataques ciber y c\u00f3mo protegerse de las ciberamenazas del mundo digital, cada\u2026","rel":"","context":"En \u00abEventos\u00bb","block_context":{"text":"Eventos","link":"https:\/\/www.cyberguardian.tech\/blog\/category\/eventos\/"},"img":{"alt_text":"","src":"https:\/\/i0.wp.com\/www.cyberguardian.tech\/blog\/wp-content\/uploads\/4514388b29c2bcc8.jpg?resize=350%2C200&ssl=1","width":350,"height":200},"classes":[]},{"id":174,"url":"https:\/\/www.cyberguardian.tech\/blog\/la-plataforma-cyber-guardian-premiada-en-los-premios-sic-2023\/","url_meta":{"origin":169,"position":2},"title":"\u00a1La plataforma Cyber Guardian premiada en los premios SIC!","author":"Cyber Guardian","date":"27 de octubre de 2023","format":false,"excerpt":"\u00a1Estamos de enhorabuena! El pasado 25 de octubre durante la cena de la ciberseguridad 2023 que organiz\u00f3 la revista SIC para reunir a los profesionales y a las compa\u00f1\u00edas y organizaciones del sector de la Ciberseguridad, se hicieron entrega de los XIX Premios SIC, y \u00a1Cyber Guardian fue galardonado con\u2026","rel":"","context":"En \u00abEventos\u00bb","block_context":{"text":"Eventos","link":"https:\/\/www.cyberguardian.tech\/blog\/category\/eventos\/"},"img":{"alt_text":"","src":"https:\/\/i0.wp.com\/www.cyberguardian.tech\/blog\/wp-content\/uploads\/2024\/02\/premio-sic-1-1.png?resize=350%2C200&ssl=1","width":350,"height":200,"srcset":"https:\/\/i0.wp.com\/www.cyberguardian.tech\/blog\/wp-content\/uploads\/2024\/02\/premio-sic-1-1.png?resize=350%2C200&ssl=1 1x, https:\/\/i0.wp.com\/www.cyberguardian.tech\/blog\/wp-content\/uploads\/2024\/02\/premio-sic-1-1.png?resize=525%2C300&ssl=1 1.5x, https:\/\/i0.wp.com\/www.cyberguardian.tech\/blog\/wp-content\/uploads\/2024\/02\/premio-sic-1-1.png?resize=700%2C400&ssl=1 2x, https:\/\/i0.wp.com\/www.cyberguardian.tech\/blog\/wp-content\/uploads\/2024\/02\/premio-sic-1-1.png?resize=1050%2C600&ssl=1 3x, https:\/\/i0.wp.com\/www.cyberguardian.tech\/blog\/wp-content\/uploads\/2024\/02\/premio-sic-1-1.png?resize=1400%2C800&ssl=1 4x"},"classes":[]},{"id":78,"url":"https:\/\/www.cyberguardian.tech\/blog\/encuentro-cyber-guardian-con-empresarios-en-work-cafe-santander-bilbao-y-foro-tendencias-empresariales-de-banco-santander-en-gijon\/","url_meta":{"origin":169,"position":3},"title":"Encuentro Cyber Guardian con empresarios en Work-Caf\u00e9 Santander Bilbao y Foro Tendencias Empresariales de Banco Santander en Gij\u00f3n.","author":"Cyber Guardian","date":"21 de abril de 2023","format":false,"excerpt":"Ayer 20 de Abril asistimos al primero de los eventos de Cyber Guardian en Work Caf\u00e9s Santander, en Bilbao, en la Plaza Moyua. Fue un encuentro con un n\u00famero importante de empresarios de Bilbao y tambi\u00e9n retransmitido por streaming. Nuestro Director de Desarrollo de Negocio, Alexis Alonso, habl\u00f3 de las\u2026","rel":"","context":"En \u00abEventos\u00bb","block_context":{"text":"Eventos","link":"https:\/\/www.cyberguardian.tech\/blog\/category\/eventos\/"},"img":{"alt_text":"","src":"https:\/\/i0.wp.com\/www.cyberguardian.tech\/blog\/wp-content\/uploads\/f6444f676d49ab17.png?resize=350%2C200&ssl=1","width":350,"height":200,"srcset":"https:\/\/i0.wp.com\/www.cyberguardian.tech\/blog\/wp-content\/uploads\/f6444f676d49ab17.png?resize=350%2C200&ssl=1 1x, https:\/\/i0.wp.com\/www.cyberguardian.tech\/blog\/wp-content\/uploads\/f6444f676d49ab17.png?resize=525%2C300&ssl=1 1.5x, https:\/\/i0.wp.com\/www.cyberguardian.tech\/blog\/wp-content\/uploads\/f6444f676d49ab17.png?resize=700%2C400&ssl=1 2x, https:\/\/i0.wp.com\/www.cyberguardian.tech\/blog\/wp-content\/uploads\/f6444f676d49ab17.png?resize=1050%2C600&ssl=1 3x"},"classes":[]},{"id":103,"url":"https:\/\/www.cyberguardian.tech\/blog\/encuentro-cyber-guardian-con-empresarios-en-foro-tendencias-empresariales-de-banco-santander-en-toledo\/","url_meta":{"origin":169,"position":4},"title":"Encuentro Cyber Guardian con empresarios en Foro Tendencias Empresariales de Banco Santander, en Toledo","author":"Cyber Guardian","date":"28 de abril de 2023","format":false,"excerpt":"Cyber Guardian particip\u00f3 este mes de Abril en el Foro Tendencias Empresariales del Banco Santander en un marco incomparable como es el casco hist\u00f3rico de Toledo y el Centro Cultural San Marcos. Nuestro Director General Jose Antonio Castro particip\u00f3 y realiz\u00f3 una ponencia sobre la ciberseguridad en el \u00e1mbito de\u2026","rel":"","context":"En \u00abEventos\u00bb","block_context":{"text":"Eventos","link":"https:\/\/www.cyberguardian.tech\/blog\/category\/eventos\/"},"img":{"alt_text":"","src":"https:\/\/i0.wp.com\/www.cyberguardian.tech\/blog\/wp-content\/uploads\/d973576f14c484b4.jpg?resize=350%2C200&ssl=1","width":350,"height":200,"srcset":"https:\/\/i0.wp.com\/www.cyberguardian.tech\/blog\/wp-content\/uploads\/d973576f14c484b4.jpg?resize=350%2C200&ssl=1 1x, https:\/\/i0.wp.com\/www.cyberguardian.tech\/blog\/wp-content\/uploads\/d973576f14c484b4.jpg?resize=525%2C300&ssl=1 1.5x"},"classes":[]},{"id":1359,"url":"https:\/\/www.cyberguardian.tech\/blog\/crecer-sin-poner-en-riesgo-tu-negocio\/","url_meta":{"origin":169,"position":5},"title":"Crecer sin poner en riesgo tu negocio.","author":"Cyber Guardian","date":"20 de marzo de 2026","format":false,"excerpt":"\u00bfSabes c\u00f3mo crecer sin poner en riesgo tu negocio? El cibercrimen afecta a empresas de cualquier tama\u00f1o, y si eres emprendedor esto tambi\u00e9n te interesa! Os compartimos esta entrevista en el podcast Aprender a emprender de Santander Empresas Espa\u00f1a y EL ESPA\u00d1OL. Alexis Alonso Ar\u00e9valo nos cuenta cu\u00e1les son las\u2026","rel":"","context":"En \u00abNoticias Cyber\u00bb","block_context":{"text":"Noticias Cyber","link":"https:\/\/www.cyberguardian.tech\/blog\/category\/noticias-cyber\/"},"img":{"alt_text":"Entrevista Aprender a Emprender","src":"https:\/\/i0.wp.com\/www.cyberguardian.tech\/blog\/wp-content\/uploads\/968085eaffc12c55.png?resize=350%2C200&ssl=1","width":350,"height":200,"srcset":"https:\/\/i0.wp.com\/www.cyberguardian.tech\/blog\/wp-content\/uploads\/968085eaffc12c55.png?resize=350%2C200&ssl=1 1x, https:\/\/i0.wp.com\/www.cyberguardian.tech\/blog\/wp-content\/uploads\/968085eaffc12c55.png?resize=525%2C300&ssl=1 1.5x"},"classes":[]}],"_links":{"self":[{"href":"https:\/\/www.cyberguardian.tech\/blog\/wp-json\/wp\/v2\/posts\/169","targetHints":{"allow":["GET"]}}],"collection":[{"href":"https:\/\/www.cyberguardian.tech\/blog\/wp-json\/wp\/v2\/posts"}],"about":[{"href":"https:\/\/www.cyberguardian.tech\/blog\/wp-json\/wp\/v2\/types\/post"}],"author":[{"embeddable":true,"href":"https:\/\/www.cyberguardian.tech\/blog\/wp-json\/wp\/v2\/users\/6"}],"replies":[{"embeddable":true,"href":"https:\/\/www.cyberguardian.tech\/blog\/wp-json\/wp\/v2\/comments?post=169"}],"version-history":[{"count":2,"href":"https:\/\/www.cyberguardian.tech\/blog\/wp-json\/wp\/v2\/posts\/169\/revisions"}],"predecessor-version":[{"id":1332,"href":"https:\/\/www.cyberguardian.tech\/blog\/wp-json\/wp\/v2\/posts\/169\/revisions\/1332"}],"wp:attachment":[{"href":"https:\/\/www.cyberguardian.tech\/blog\/wp-json\/wp\/v2\/media?parent=169"}],"wp:term":[{"taxonomy":"category","embeddable":true,"href":"https:\/\/www.cyberguardian.tech\/blog\/wp-json\/wp\/v2\/categories?post=169"},{"taxonomy":"post_tag","embeddable":true,"href":"https:\/\/www.cyberguardian.tech\/blog\/wp-json\/wp\/v2\/tags?post=169"}],"curies":[{"name":"wp","href":"https:\/\/api.w.org\/{rel}","templated":true}]}}