{"id":174,"date":"2023-10-27T17:51:00","date_gmt":"2023-10-27T15:51:00","guid":{"rendered":"https:\/\/blog.cyberguardian.tech\/?p=174"},"modified":"2025-08-26T14:46:46","modified_gmt":"2025-08-26T14:46:46","slug":"la-plataforma-cyber-guardian-premiada-en-los-premios-sic-2023","status":"publish","type":"post","link":"https:\/\/www.cyberguardian.tech\/blog\/la-plataforma-cyber-guardian-premiada-en-los-premios-sic-2023\/","title":{"rendered":"\u00a1La plataforma Cyber Guardian premiada en los premios SIC!"},"content":{"rendered":"\n<p>\u00a1Estamos de enhorabuena!<\/p>\n\n\n\n<p>El pasado 25 de octubre durante la cena de la ciberseguridad 2023 que organiz\u00f3 la revista SIC para reunir a los profesionales y a las compa\u00f1\u00edas y organizaciones del sector de la Ciberseguridad, se hicieron entrega de los XIX Premios SIC, y <strong>\u00a1<a href=\"https:\/\/www.cyberguardian.tech\/\" target=\"_blank\" rel=\"noreferrer noopener\">Cyber Guardian<\/a> fue galardonado con un gran reconocimiento!<\/strong><\/p>\n\n\n\n<div class=\"wp-block-jetpack-tiled-gallery aligncenter is-style-rectangular\"><div class=\"\"><div class=\"tiled-gallery__gallery\"><div class=\"tiled-gallery__row\"><div class=\"tiled-gallery__col\" style=\"flex-basis:100.00000%\"><figure class=\"tiled-gallery__item\"><img decoding=\"async\" srcset=\"https:\/\/i0.wp.com\/blog.cyberguardian.tech\/wp-content\/uploads\/2024\/02\/premio-sic-1-1.png?strip=info&#038;w=600&#038;ssl=1 600w,https:\/\/i0.wp.com\/blog.cyberguardian.tech\/wp-content\/uploads\/2024\/02\/premio-sic-1-1.png?strip=info&#038;w=900&#038;ssl=1 900w,https:\/\/i0.wp.com\/blog.cyberguardian.tech\/wp-content\/uploads\/2024\/02\/premio-sic-1-1.png?strip=info&#038;w=1200&#038;ssl=1 1200w,https:\/\/i0.wp.com\/blog.cyberguardian.tech\/wp-content\/uploads\/2024\/02\/premio-sic-1-1.png?strip=info&#038;w=1442&#038;ssl=1 1442w\" alt=\"\" data-height=\"488\" data-id=\"205\" data-link=\"https:\/\/blog.cyberguardian.tech\/2023\/10\/27\/la-plataforma-cyber-guardian-premiada-en-los-premios-sic-2023\/premio-sic-1-1\/\" data-url=\"https:\/\/cyberguardian.tech\/blog\/wp-content\/uploads\/2024\/02\/premio-sic-1-1.png?w=1024\" data-width=\"1442\" src=\"https:\/\/i0.wp.com\/blog.cyberguardian.tech\/wp-content\/uploads\/2024\/02\/premio-sic-1-1.png?ssl=1\" data-amp-layout=\"responsive\" tabindex=\"0\" role=\"button\" aria-label=\"Abrir la imagen 1 de 2 en pantalla completa\"\/><\/figure><\/div><\/div><div class=\"tiled-gallery__row\"><div class=\"tiled-gallery__col\" style=\"flex-basis:100.00000%\"><figure class=\"tiled-gallery__item\"><img decoding=\"async\" srcset=\"https:\/\/i0.wp.com\/blog.cyberguardian.tech\/wp-content\/uploads\/2024\/02\/premio-sic-2-1.png?strip=info&#038;w=600&#038;ssl=1 600w,https:\/\/i0.wp.com\/blog.cyberguardian.tech\/wp-content\/uploads\/2024\/02\/premio-sic-2-1.png?strip=info&#038;w=900&#038;ssl=1 900w,https:\/\/i0.wp.com\/blog.cyberguardian.tech\/wp-content\/uploads\/2024\/02\/premio-sic-2-1.png?strip=info&#038;w=1066&#038;ssl=1 1066w\" alt=\"\" data-height=\"566\" data-id=\"207\" data-link=\"https:\/\/blog.cyberguardian.tech\/2023\/10\/27\/la-plataforma-cyber-guardian-premiada-en-los-premios-sic-2023\/premio-sic-2-1\/\" data-url=\"https:\/\/cyberguardian.tech\/blog\/wp-content\/uploads\/2024\/02\/premio-sic-2-1.png?w=1024\" data-width=\"1066\" src=\"https:\/\/i0.wp.com\/blog.cyberguardian.tech\/wp-content\/uploads\/2024\/02\/premio-sic-2-1.png?ssl=1\" data-amp-layout=\"responsive\" tabindex=\"0\" role=\"button\" aria-label=\"Abrir la imagen 2 de 2 en pantalla completa\"\/><\/figure><\/div><\/div><\/div><\/div><\/div>\n\n\n\n<p>Entreg\u00f3 el reconocimiento Jos\u00e9 de la Pe\u00f1a, Director de la <a href=\"https:\/\/revistasic.es\/sic157\/revistasic157.pdf\" target=\"_blank\" rel=\"noreferrer noopener\">revista SIC<\/a> como reconocimiento <strong>al buen hacer de la plataforma Cyber Guardian, creada por expertos en gesti\u00f3n de riesgos de ciberseguridad, para contribuir a la mejora continua de la protecci\u00f3n de las pymes y cadenas de suministro.<\/strong><\/p>\n\n\n\n<p>En nombre de todos los que la han hecho posible, recogi\u00f3 el premio Jos\u00e9 Antonio Castro, nuestro Director General, y Alexis Alonso, nuestro Director de Desarrollo de Negocio, quienes agradecieron a su vez el apoyo y el impulso de Daniel Barriuso, Global CISO del Grupo Santander, y Hazel D\u00edez, Global Head GRC del Grupo Santander.<\/p>\n\n\n\n<p>Todos los que formamos parte de este equipazo estamos muy contentos y orgullosos de recibir este reconocimiento que nos impulsa a continuar con esfuerzo e ilusi\u00f3n cada d\u00eda disfrutando de este viaje y vamos por m\u00e1s!!<\/p>\n\n\n\n<p><strong>Marta Olb\u00e9s<\/strong><\/p>\n\n\n\n<p><strong>Responsable de Producto de Cyber Guardian.<\/strong><\/p>\n","protected":false},"excerpt":{"rendered":"<p>\u00a1Estamos de enhorabuena! El pasado 25 de octubre durante la cena de la ciberseguridad 2023 que organiz\u00f3 la revista SIC para reunir a los profesionales y a las compa\u00f1\u00edas y organizaciones del sector de la Ciberseguridad, se hicieron entrega de los XIX Premios SIC, y \u00a1Cyber Guardian fue galardonado con un gran reconocimiento! Entreg\u00f3 el &hellip; <a href=\"https:\/\/www.cyberguardian.tech\/blog\/la-plataforma-cyber-guardian-premiada-en-los-premios-sic-2023\/\" class=\"more-link\">Continuar leyendo<span class=\"screen-reader-text\"> \u00ab\u00a1La plataforma Cyber Guardian premiada en los premios SIC!\u00bb<\/span><\/a><\/p>\n","protected":false},"author":6,"featured_media":0,"comment_status":"closed","ping_status":"closed","sticky":false,"template":"","format":"standard","meta":{"_jetpack_memberships_contains_paid_content":false,"footnotes":""},"categories":[4,17],"tags":[16],"class_list":["post-174","post","type-post","status-publish","format-standard","hentry","category-eventos","category-premios","tag-sic"],"yoast_head":"<!-- This site is optimized with the Yoast SEO plugin v27.5 - https:\/\/yoast.com\/product\/yoast-seo-wordpress\/ -->\n<title>\u00a1La plataforma Cyber Guardian premiada en los premios SIC! Cyber Guardian - Blog<\/title>\n<meta name=\"description\" content=\"Cyber Guardian galardonado en los XIX Premios SIC 2023 por contribuir a la mejora continua de la protecci\u00f3n de las pymes y cadenas de suministro.\" \/>\n<meta name=\"robots\" content=\"index, follow, max-snippet:-1, max-image-preview:large, max-video-preview:-1\" \/>\n<link rel=\"canonical\" href=\"https:\/\/www.cyberguardian.tech\/blog\/la-plataforma-cyber-guardian-premiada-en-los-premios-sic-2023\/\" \/>\n<meta property=\"og:locale\" content=\"es_ES\" \/>\n<meta property=\"og:type\" content=\"article\" \/>\n<meta property=\"og:title\" content=\"\u00a1La plataforma Cyber Guardian premiada en los premios SIC! Cyber Guardian - Blog\" \/>\n<meta property=\"og:description\" content=\"Cyber Guardian galardonado en los XIX Premios SIC 2023 por contribuir a la mejora continua de la protecci\u00f3n de las pymes y cadenas de suministro.\" \/>\n<meta property=\"og:url\" content=\"https:\/\/www.cyberguardian.tech\/blog\/la-plataforma-cyber-guardian-premiada-en-los-premios-sic-2023\/\" \/>\n<meta property=\"og:site_name\" content=\"Cyber Guardian - Blog\" \/>\n<meta property=\"article:published_time\" content=\"2023-10-27T15:51:00+00:00\" \/>\n<meta property=\"article:modified_time\" content=\"2025-08-26T14:46:46+00:00\" \/>\n<meta property=\"og:image\" content=\"https:\/\/i0.wp.com\/blog.cyberguardian.tech\/wp-content\/uploads\/2024\/02\/premio-sic-1-1.png?ssl=1\" \/>\n<meta name=\"author\" content=\"Cyber Guardian\" \/>\n<meta name=\"twitter:card\" content=\"summary_large_image\" \/>\n<meta name=\"twitter:label1\" content=\"Escrito por\" \/>\n\t<meta name=\"twitter:data1\" content=\"Cyber Guardian\" \/>\n\t<meta name=\"twitter:label2\" content=\"Tiempo de lectura\" \/>\n\t<meta name=\"twitter:data2\" content=\"2 minutos\" \/>\n<script type=\"application\/ld+json\" class=\"yoast-schema-graph\">{\"@context\":\"https:\\\/\\\/schema.org\",\"@graph\":[{\"@type\":\"Article\",\"@id\":\"https:\\\/\\\/www.cyberguardian.tech\\\/blog\\\/la-plataforma-cyber-guardian-premiada-en-los-premios-sic-2023\\\/#article\",\"isPartOf\":{\"@id\":\"https:\\\/\\\/www.cyberguardian.tech\\\/blog\\\/la-plataforma-cyber-guardian-premiada-en-los-premios-sic-2023\\\/\"},\"author\":{\"name\":\"Cyber Guardian\",\"@id\":\"https:\\\/\\\/www.cyberguardian.tech\\\/blog\\\/#\\\/schema\\\/person\\\/a3ed9f985851939bf7cef30f1017d93c\"},\"headline\":\"\u00a1La plataforma Cyber Guardian premiada en los premios SIC!\",\"datePublished\":\"2023-10-27T15:51:00+00:00\",\"dateModified\":\"2025-08-26T14:46:46+00:00\",\"mainEntityOfPage\":{\"@id\":\"https:\\\/\\\/www.cyberguardian.tech\\\/blog\\\/la-plataforma-cyber-guardian-premiada-en-los-premios-sic-2023\\\/\"},\"wordCount\":215,\"image\":{\"@id\":\"https:\\\/\\\/www.cyberguardian.tech\\\/blog\\\/la-plataforma-cyber-guardian-premiada-en-los-premios-sic-2023\\\/#primaryimage\"},\"thumbnailUrl\":\"https:\\\/\\\/i0.wp.com\\\/blog.cyberguardian.tech\\\/wp-content\\\/uploads\\\/2024\\\/02\\\/premio-sic-1-1.png?ssl=1\",\"keywords\":[\"SIC\"],\"articleSection\":[\"Eventos\",\"Premios\"],\"inLanguage\":\"es\"},{\"@type\":\"WebPage\",\"@id\":\"https:\\\/\\\/www.cyberguardian.tech\\\/blog\\\/la-plataforma-cyber-guardian-premiada-en-los-premios-sic-2023\\\/\",\"url\":\"https:\\\/\\\/www.cyberguardian.tech\\\/blog\\\/la-plataforma-cyber-guardian-premiada-en-los-premios-sic-2023\\\/\",\"name\":\"\u00a1La plataforma Cyber Guardian premiada en los premios SIC! Cyber Guardian - Blog\",\"isPartOf\":{\"@id\":\"https:\\\/\\\/www.cyberguardian.tech\\\/blog\\\/#website\"},\"primaryImageOfPage\":{\"@id\":\"https:\\\/\\\/www.cyberguardian.tech\\\/blog\\\/la-plataforma-cyber-guardian-premiada-en-los-premios-sic-2023\\\/#primaryimage\"},\"image\":{\"@id\":\"https:\\\/\\\/www.cyberguardian.tech\\\/blog\\\/la-plataforma-cyber-guardian-premiada-en-los-premios-sic-2023\\\/#primaryimage\"},\"thumbnailUrl\":\"https:\\\/\\\/i0.wp.com\\\/blog.cyberguardian.tech\\\/wp-content\\\/uploads\\\/2024\\\/02\\\/premio-sic-1-1.png?ssl=1\",\"datePublished\":\"2023-10-27T15:51:00+00:00\",\"dateModified\":\"2025-08-26T14:46:46+00:00\",\"author\":{\"@id\":\"https:\\\/\\\/www.cyberguardian.tech\\\/blog\\\/#\\\/schema\\\/person\\\/a3ed9f985851939bf7cef30f1017d93c\"},\"description\":\"Cyber Guardian galardonado en los XIX Premios SIC 2023 por contribuir a la mejora continua de la protecci\u00f3n de las pymes y cadenas de suministro.\",\"breadcrumb\":{\"@id\":\"https:\\\/\\\/www.cyberguardian.tech\\\/blog\\\/la-plataforma-cyber-guardian-premiada-en-los-premios-sic-2023\\\/#breadcrumb\"},\"inLanguage\":\"es\",\"potentialAction\":[{\"@type\":\"ReadAction\",\"target\":[\"https:\\\/\\\/www.cyberguardian.tech\\\/blog\\\/la-plataforma-cyber-guardian-premiada-en-los-premios-sic-2023\\\/\"]}]},{\"@type\":\"ImageObject\",\"inLanguage\":\"es\",\"@id\":\"https:\\\/\\\/www.cyberguardian.tech\\\/blog\\\/la-plataforma-cyber-guardian-premiada-en-los-premios-sic-2023\\\/#primaryimage\",\"url\":\"https:\\\/\\\/i0.wp.com\\\/blog.cyberguardian.tech\\\/wp-content\\\/uploads\\\/2024\\\/02\\\/premio-sic-1-1.png?ssl=1\",\"contentUrl\":\"https:\\\/\\\/i0.wp.com\\\/blog.cyberguardian.tech\\\/wp-content\\\/uploads\\\/2024\\\/02\\\/premio-sic-1-1.png?ssl=1\"},{\"@type\":\"BreadcrumbList\",\"@id\":\"https:\\\/\\\/www.cyberguardian.tech\\\/blog\\\/la-plataforma-cyber-guardian-premiada-en-los-premios-sic-2023\\\/#breadcrumb\",\"itemListElement\":[{\"@type\":\"ListItem\",\"position\":1,\"name\":\"Portada\",\"item\":\"https:\\\/\\\/www.cyberguardian.tech\\\/blog\\\/\"},{\"@type\":\"ListItem\",\"position\":2,\"name\":\"\u00a1La plataforma Cyber Guardian premiada en los premios SIC!\"}]},{\"@type\":\"WebSite\",\"@id\":\"https:\\\/\\\/www.cyberguardian.tech\\\/blog\\\/#website\",\"url\":\"https:\\\/\\\/www.cyberguardian.tech\\\/blog\\\/\",\"name\":\"Cyber Guardian - Blog\",\"description\":\"Blog sobre ciberseguridad para peque\u00f1as y medianas empresas f\u00e1cil de entender tambi\u00e9n para usuarios no t\u00e9cnicos.\",\"potentialAction\":[{\"@type\":\"SearchAction\",\"target\":{\"@type\":\"EntryPoint\",\"urlTemplate\":\"https:\\\/\\\/www.cyberguardian.tech\\\/blog\\\/?s={search_term_string}\"},\"query-input\":{\"@type\":\"PropertyValueSpecification\",\"valueRequired\":true,\"valueName\":\"search_term_string\"}}],\"inLanguage\":\"es\"},{\"@type\":\"Person\",\"@id\":\"https:\\\/\\\/www.cyberguardian.tech\\\/blog\\\/#\\\/schema\\\/person\\\/a3ed9f985851939bf7cef30f1017d93c\",\"name\":\"Cyber Guardian\",\"image\":{\"@type\":\"ImageObject\",\"inLanguage\":\"es\",\"@id\":\"https:\\\/\\\/secure.gravatar.com\\\/avatar\\\/8f120ab25b7fcac0c91b7b5d2970930a6a93112558b277a8b8353f8bbad0b82a?s=96&d=mm&r=g\",\"url\":\"https:\\\/\\\/secure.gravatar.com\\\/avatar\\\/8f120ab25b7fcac0c91b7b5d2970930a6a93112558b277a8b8353f8bbad0b82a?s=96&d=mm&r=g\",\"contentUrl\":\"https:\\\/\\\/secure.gravatar.com\\\/avatar\\\/8f120ab25b7fcac0c91b7b5d2970930a6a93112558b277a8b8353f8bbad0b82a?s=96&d=mm&r=g\",\"caption\":\"Cyber Guardian\"},\"sameAs\":[\"https:\\\/\\\/cyberguardian.tech\"],\"url\":\"https:\\\/\\\/www.cyberguardian.tech\\\/blog\\\/author\\\/cyberguardian\\\/\"}]}<\/script>\n<!-- \/ Yoast SEO plugin. -->","yoast_head_json":{"title":"\u00a1La plataforma Cyber Guardian premiada en los premios SIC! Cyber Guardian - Blog","description":"Cyber Guardian galardonado en los XIX Premios SIC 2023 por contribuir a la mejora continua de la protecci\u00f3n de las pymes y cadenas de suministro.","robots":{"index":"index","follow":"follow","max-snippet":"max-snippet:-1","max-image-preview":"max-image-preview:large","max-video-preview":"max-video-preview:-1"},"canonical":"https:\/\/www.cyberguardian.tech\/blog\/la-plataforma-cyber-guardian-premiada-en-los-premios-sic-2023\/","og_locale":"es_ES","og_type":"article","og_title":"\u00a1La plataforma Cyber Guardian premiada en los premios SIC! Cyber Guardian - Blog","og_description":"Cyber Guardian galardonado en los XIX Premios SIC 2023 por contribuir a la mejora continua de la protecci\u00f3n de las pymes y cadenas de suministro.","og_url":"https:\/\/www.cyberguardian.tech\/blog\/la-plataforma-cyber-guardian-premiada-en-los-premios-sic-2023\/","og_site_name":"Cyber Guardian - Blog","article_published_time":"2023-10-27T15:51:00+00:00","article_modified_time":"2025-08-26T14:46:46+00:00","og_image":[{"url":"https:\/\/i0.wp.com\/blog.cyberguardian.tech\/wp-content\/uploads\/2024\/02\/premio-sic-1-1.png?ssl=1","type":"","width":"","height":""}],"author":"Cyber Guardian","twitter_card":"summary_large_image","twitter_misc":{"Escrito por":"Cyber Guardian","Tiempo de lectura":"2 minutos"},"schema":{"@context":"https:\/\/schema.org","@graph":[{"@type":"Article","@id":"https:\/\/www.cyberguardian.tech\/blog\/la-plataforma-cyber-guardian-premiada-en-los-premios-sic-2023\/#article","isPartOf":{"@id":"https:\/\/www.cyberguardian.tech\/blog\/la-plataforma-cyber-guardian-premiada-en-los-premios-sic-2023\/"},"author":{"name":"Cyber Guardian","@id":"https:\/\/www.cyberguardian.tech\/blog\/#\/schema\/person\/a3ed9f985851939bf7cef30f1017d93c"},"headline":"\u00a1La plataforma Cyber Guardian premiada en los premios SIC!","datePublished":"2023-10-27T15:51:00+00:00","dateModified":"2025-08-26T14:46:46+00:00","mainEntityOfPage":{"@id":"https:\/\/www.cyberguardian.tech\/blog\/la-plataforma-cyber-guardian-premiada-en-los-premios-sic-2023\/"},"wordCount":215,"image":{"@id":"https:\/\/www.cyberguardian.tech\/blog\/la-plataforma-cyber-guardian-premiada-en-los-premios-sic-2023\/#primaryimage"},"thumbnailUrl":"https:\/\/i0.wp.com\/blog.cyberguardian.tech\/wp-content\/uploads\/2024\/02\/premio-sic-1-1.png?ssl=1","keywords":["SIC"],"articleSection":["Eventos","Premios"],"inLanguage":"es"},{"@type":"WebPage","@id":"https:\/\/www.cyberguardian.tech\/blog\/la-plataforma-cyber-guardian-premiada-en-los-premios-sic-2023\/","url":"https:\/\/www.cyberguardian.tech\/blog\/la-plataforma-cyber-guardian-premiada-en-los-premios-sic-2023\/","name":"\u00a1La plataforma Cyber Guardian premiada en los premios SIC! Cyber Guardian - Blog","isPartOf":{"@id":"https:\/\/www.cyberguardian.tech\/blog\/#website"},"primaryImageOfPage":{"@id":"https:\/\/www.cyberguardian.tech\/blog\/la-plataforma-cyber-guardian-premiada-en-los-premios-sic-2023\/#primaryimage"},"image":{"@id":"https:\/\/www.cyberguardian.tech\/blog\/la-plataforma-cyber-guardian-premiada-en-los-premios-sic-2023\/#primaryimage"},"thumbnailUrl":"https:\/\/i0.wp.com\/blog.cyberguardian.tech\/wp-content\/uploads\/2024\/02\/premio-sic-1-1.png?ssl=1","datePublished":"2023-10-27T15:51:00+00:00","dateModified":"2025-08-26T14:46:46+00:00","author":{"@id":"https:\/\/www.cyberguardian.tech\/blog\/#\/schema\/person\/a3ed9f985851939bf7cef30f1017d93c"},"description":"Cyber Guardian galardonado en los XIX Premios SIC 2023 por contribuir a la mejora continua de la protecci\u00f3n de las pymes y cadenas de suministro.","breadcrumb":{"@id":"https:\/\/www.cyberguardian.tech\/blog\/la-plataforma-cyber-guardian-premiada-en-los-premios-sic-2023\/#breadcrumb"},"inLanguage":"es","potentialAction":[{"@type":"ReadAction","target":["https:\/\/www.cyberguardian.tech\/blog\/la-plataforma-cyber-guardian-premiada-en-los-premios-sic-2023\/"]}]},{"@type":"ImageObject","inLanguage":"es","@id":"https:\/\/www.cyberguardian.tech\/blog\/la-plataforma-cyber-guardian-premiada-en-los-premios-sic-2023\/#primaryimage","url":"https:\/\/i0.wp.com\/blog.cyberguardian.tech\/wp-content\/uploads\/2024\/02\/premio-sic-1-1.png?ssl=1","contentUrl":"https:\/\/i0.wp.com\/blog.cyberguardian.tech\/wp-content\/uploads\/2024\/02\/premio-sic-1-1.png?ssl=1"},{"@type":"BreadcrumbList","@id":"https:\/\/www.cyberguardian.tech\/blog\/la-plataforma-cyber-guardian-premiada-en-los-premios-sic-2023\/#breadcrumb","itemListElement":[{"@type":"ListItem","position":1,"name":"Portada","item":"https:\/\/www.cyberguardian.tech\/blog\/"},{"@type":"ListItem","position":2,"name":"\u00a1La plataforma Cyber Guardian premiada en los premios SIC!"}]},{"@type":"WebSite","@id":"https:\/\/www.cyberguardian.tech\/blog\/#website","url":"https:\/\/www.cyberguardian.tech\/blog\/","name":"Cyber Guardian - Blog","description":"Blog sobre ciberseguridad para peque\u00f1as y medianas empresas f\u00e1cil de entender tambi\u00e9n para usuarios no t\u00e9cnicos.","potentialAction":[{"@type":"SearchAction","target":{"@type":"EntryPoint","urlTemplate":"https:\/\/www.cyberguardian.tech\/blog\/?s={search_term_string}"},"query-input":{"@type":"PropertyValueSpecification","valueRequired":true,"valueName":"search_term_string"}}],"inLanguage":"es"},{"@type":"Person","@id":"https:\/\/www.cyberguardian.tech\/blog\/#\/schema\/person\/a3ed9f985851939bf7cef30f1017d93c","name":"Cyber Guardian","image":{"@type":"ImageObject","inLanguage":"es","@id":"https:\/\/secure.gravatar.com\/avatar\/8f120ab25b7fcac0c91b7b5d2970930a6a93112558b277a8b8353f8bbad0b82a?s=96&d=mm&r=g","url":"https:\/\/secure.gravatar.com\/avatar\/8f120ab25b7fcac0c91b7b5d2970930a6a93112558b277a8b8353f8bbad0b82a?s=96&d=mm&r=g","contentUrl":"https:\/\/secure.gravatar.com\/avatar\/8f120ab25b7fcac0c91b7b5d2970930a6a93112558b277a8b8353f8bbad0b82a?s=96&d=mm&r=g","caption":"Cyber Guardian"},"sameAs":["https:\/\/cyberguardian.tech"],"url":"https:\/\/www.cyberguardian.tech\/blog\/author\/cyberguardian\/"}]}},"jetpack_featured_media_url":"","jetpack_sharing_enabled":true,"jetpack-related-posts":[{"id":139,"url":"https:\/\/www.cyberguardian.tech\/blog\/encuentro-con-aseguradoras-y-principales-actores-del-mundo-del-ciberseguro\/","url_meta":{"origin":174,"position":0},"title":"Encuentro con Aseguradoras y actores del mundo del ciberseguro","author":"Cyber Guardian","date":"16 de junio de 2023","format":false,"excerpt":"Esta semana, los d\u00edas 13 y 14 de junio tuvimos la oportunidad de patrocinar y participar en el Espacio tiSec, de la Revista SIC, y compartir experiencias con grandes aseguradoras y los principales actores en el mundo del ciberseguro. Nuestro Director General, Jos\u00e9 Antonio Castro realiz\u00f3 una ponencia en la\u2026","rel":"","context":"En \u00abEventos\u00bb","block_context":{"text":"Eventos","link":"https:\/\/www.cyberguardian.tech\/blog\/category\/eventos\/"},"img":{"alt_text":"ciberseguro","src":"https:\/\/i0.wp.com\/www.cyberguardian.tech\/blog\/wp-content\/uploads\/3286c3473996761a.png?resize=350%2C200&ssl=1","width":350,"height":200,"srcset":"https:\/\/i0.wp.com\/www.cyberguardian.tech\/blog\/wp-content\/uploads\/3286c3473996761a.png?resize=350%2C200&ssl=1 1x, https:\/\/i0.wp.com\/www.cyberguardian.tech\/blog\/wp-content\/uploads\/3286c3473996761a.png?resize=525%2C300&ssl=1 1.5x, https:\/\/i0.wp.com\/www.cyberguardian.tech\/blog\/wp-content\/uploads\/3286c3473996761a.png?resize=700%2C400&ssl=1 2x, https:\/\/i0.wp.com\/www.cyberguardian.tech\/blog\/wp-content\/uploads\/3286c3473996761a.png?resize=1050%2C600&ssl=1 3x"},"classes":[]},{"id":156,"url":"https:\/\/www.cyberguardian.tech\/blog\/cyber-guardian-la-ciberseguridad-profesional-sin-complicaciones-para-pymes\/","url_meta":{"origin":174,"position":1},"title":"Cyber Guardian, la ciberseguridad profesional sin complicaciones para pymes","author":"Cyber Guardian","date":"30 de junio de 2023","format":false,"excerpt":"La gesti\u00f3n de la ciberseguridad en el amplio espectro de las pymes es, en general, precaria o inexistente. Este hecho se ha intentado mitigar desde hace tiempo con formaci\u00f3n, concienciaci\u00f3n e iniciativas de divulgaci\u00f3n, que se han mostrado fallidas o poco eficientes. Para paliar esta circunstancia se construy\u00f3 en su\u2026","rel":"","context":"En \u00abArt\u00edculos Cyber Guardian\u00bb","block_context":{"text":"Art\u00edculos Cyber Guardian","link":"https:\/\/www.cyberguardian.tech\/blog\/category\/articulos-cyber-guardian\/"},"img":{"alt_text":"","src":"https:\/\/i0.wp.com\/www.cyberguardian.tech\/blog\/wp-content\/uploads\/2024\/02\/sic1-1.png?resize=350%2C200&ssl=1","width":350,"height":200,"srcset":"https:\/\/i0.wp.com\/www.cyberguardian.tech\/blog\/wp-content\/uploads\/2024\/02\/sic1-1.png?resize=350%2C200&ssl=1 1x, https:\/\/i0.wp.com\/www.cyberguardian.tech\/blog\/wp-content\/uploads\/2024\/02\/sic1-1.png?resize=525%2C300&ssl=1 1.5x"},"classes":[]},{"id":267,"url":"https:\/\/www.cyberguardian.tech\/blog\/cyber-guardian-en-el-i-congreso-de-ciberseguridad-para-pymes\/","url_meta":{"origin":174,"position":2},"title":"Cyber Guardian en el I Congreso de Ciberseguridad para pymes","author":"Cyber Guardian","date":"16 de diciembre de 2022","format":false,"excerpt":"Esta semana Cyber Guardian estuvo en el I Congreso de Ciberseguridad para PYMES en Madrid, organizado conjuntamente por ISMS Forum\u00a0y\u00a0Cluster CyberMadrid. Nuestro responsable global Jose Antonio Castro habl\u00f3 del contexto actual de las amenazas de ciberseguridad donde las PYMES son las m\u00e1s vulnerables. \"Las peque\u00f1as y medianas empresas viven tres\u2026","rel":"","context":"En \u00abEventos\u00bb","block_context":{"text":"Eventos","link":"https:\/\/www.cyberguardian.tech\/blog\/category\/eventos\/"},"img":{"alt_text":"Congreso Ciberseguridad Pymes","src":"https:\/\/i0.wp.com\/www.cyberguardian.tech\/blog\/wp-content\/uploads\/336c12f8fe3e08d6.png?resize=350%2C200&ssl=1","width":350,"height":200,"srcset":"https:\/\/i0.wp.com\/www.cyberguardian.tech\/blog\/wp-content\/uploads\/336c12f8fe3e08d6.png?resize=350%2C200&ssl=1 1x, https:\/\/i0.wp.com\/www.cyberguardian.tech\/blog\/wp-content\/uploads\/336c12f8fe3e08d6.png?resize=525%2C300&ssl=1 1.5x, https:\/\/i0.wp.com\/www.cyberguardian.tech\/blog\/wp-content\/uploads\/336c12f8fe3e08d6.png?resize=700%2C400&ssl=1 2x"},"classes":[]},{"id":51,"url":"https:\/\/www.cyberguardian.tech\/blog\/cyber-guardian-en-enise\/","url_meta":{"origin":174,"position":3},"title":"Cyber Guardian en ENISE","author":"Cyber Guardian","date":"28 de octubre de 2022","format":false,"excerpt":"La semana pasada asistimos al #16ENISE, el encuentro anual internacional de Seguridad de la Informaci\u00f3n, organizado por INCIBE, los d\u00edas 19 y 20 de Octubre. Tuvimos la oportunidad de presentar Cyber Guardian desde nuestro stand y desde el Speaker Corner a innumerables personalidades y representantes del sector de la Ciberseguridad,\u2026","rel":"","context":"En \u00abEventos\u00bb","block_context":{"text":"Eventos","link":"https:\/\/www.cyberguardian.tech\/blog\/category\/eventos\/"},"img":{"alt_text":"","src":"https:\/\/i0.wp.com\/www.cyberguardian.tech\/blog\/wp-content\/uploads\/deb113eebc499539.png?resize=350%2C200&ssl=1","width":350,"height":200,"srcset":"https:\/\/i0.wp.com\/www.cyberguardian.tech\/blog\/wp-content\/uploads\/deb113eebc499539.png?resize=350%2C200&ssl=1 1x, https:\/\/i0.wp.com\/www.cyberguardian.tech\/blog\/wp-content\/uploads\/deb113eebc499539.png?resize=525%2C300&ssl=1 1.5x, https:\/\/i0.wp.com\/www.cyberguardian.tech\/blog\/wp-content\/uploads\/deb113eebc499539.png?resize=700%2C400&ssl=1 2x, https:\/\/i0.wp.com\/www.cyberguardian.tech\/blog\/wp-content\/uploads\/deb113eebc499539.png?resize=1050%2C600&ssl=1 3x"},"classes":[]},{"id":182,"url":"https:\/\/www.cyberguardian.tech\/blog\/cyber-guardian-en-el-cyber-insurance-day\/","url_meta":{"origin":174,"position":4},"title":"Cyber Guardian en el Cyber Insurance Day 2023","author":"Cyber Guardian","date":"24 de noviembre de 2023","format":false,"excerpt":"El pasado 22 de noviembre asistimos al Cyber Insurance Day. Cerca de 200 personas asistieron a este congreso enfocado en ciberseguridad y ciberseguros que subray\u00f3 la actual relevancia de varios aspectos cruciales relacionados con la seguridad empresarial. Nuestro Director General Jos\u00e9 Antonio Castro ofreci\u00f3 una Keynote donde present\u00f3 la plataforma\u2026","rel":"","context":"En \u00abEventos\u00bb","block_context":{"text":"Eventos","link":"https:\/\/www.cyberguardian.tech\/blog\/category\/eventos\/"},"img":{"alt_text":"Cyber Insurance Day","src":"https:\/\/i0.wp.com\/www.cyberguardian.tech\/blog\/wp-content\/uploads\/2024\/02\/cyber-insurance-day-3.png?resize=350%2C200&ssl=1","width":350,"height":200,"srcset":"https:\/\/i0.wp.com\/www.cyberguardian.tech\/blog\/wp-content\/uploads\/2024\/02\/cyber-insurance-day-3.png?resize=350%2C200&ssl=1 1x, https:\/\/i0.wp.com\/www.cyberguardian.tech\/blog\/wp-content\/uploads\/2024\/02\/cyber-insurance-day-3.png?resize=525%2C300&ssl=1 1.5x, https:\/\/i0.wp.com\/www.cyberguardian.tech\/blog\/wp-content\/uploads\/2024\/02\/cyber-insurance-day-3.png?resize=700%2C400&ssl=1 2x"},"classes":[]},{"id":13,"url":"https:\/\/www.cyberguardian.tech\/blog\/cyber-guardian-en-el-des-2022\/","url_meta":{"origin":174,"position":5},"title":"Cyber Guardian en el DES 2022","author":"Cyber Guardian","date":"20 de junio de 2022","format":false,"excerpt":"La semana pasada Cyber Guardian estuvo junto a Banco Santander, en el DES | Digital Enterprise Show 2022, el evento tecnol\u00f3gico l\u00edder a nivel global dedicado a la transformaci\u00f3n digital donde tuvimos la oportunidad de presentar Cyber Guardian a multitud de empresas que se acercaron por el stand de Banco\u2026","rel":"","context":"En \u00abEventos\u00bb","block_context":{"text":"Eventos","link":"https:\/\/www.cyberguardian.tech\/blog\/category\/eventos\/"},"img":{"alt_text":"Ciberseguridad DES 2022","src":"https:\/\/i0.wp.com\/www.cyberguardian.tech\/blog\/wp-content\/uploads\/52c6d3e6b4c0a389.png?resize=350%2C200&ssl=1","width":350,"height":200,"srcset":"https:\/\/i0.wp.com\/www.cyberguardian.tech\/blog\/wp-content\/uploads\/52c6d3e6b4c0a389.png?resize=350%2C200&ssl=1 1x, https:\/\/i0.wp.com\/www.cyberguardian.tech\/blog\/wp-content\/uploads\/52c6d3e6b4c0a389.png?resize=525%2C300&ssl=1 1.5x, https:\/\/i0.wp.com\/www.cyberguardian.tech\/blog\/wp-content\/uploads\/52c6d3e6b4c0a389.png?resize=700%2C400&ssl=1 2x"},"classes":[]}],"_links":{"self":[{"href":"https:\/\/www.cyberguardian.tech\/blog\/wp-json\/wp\/v2\/posts\/174","targetHints":{"allow":["GET"]}}],"collection":[{"href":"https:\/\/www.cyberguardian.tech\/blog\/wp-json\/wp\/v2\/posts"}],"about":[{"href":"https:\/\/www.cyberguardian.tech\/blog\/wp-json\/wp\/v2\/types\/post"}],"author":[{"embeddable":true,"href":"https:\/\/www.cyberguardian.tech\/blog\/wp-json\/wp\/v2\/users\/6"}],"replies":[{"embeddable":true,"href":"https:\/\/www.cyberguardian.tech\/blog\/wp-json\/wp\/v2\/comments?post=174"}],"version-history":[{"count":1,"href":"https:\/\/www.cyberguardian.tech\/blog\/wp-json\/wp\/v2\/posts\/174\/revisions"}],"predecessor-version":[{"id":1234,"href":"https:\/\/www.cyberguardian.tech\/blog\/wp-json\/wp\/v2\/posts\/174\/revisions\/1234"}],"wp:attachment":[{"href":"https:\/\/www.cyberguardian.tech\/blog\/wp-json\/wp\/v2\/media?parent=174"}],"wp:term":[{"taxonomy":"category","embeddable":true,"href":"https:\/\/www.cyberguardian.tech\/blog\/wp-json\/wp\/v2\/categories?post=174"},{"taxonomy":"post_tag","embeddable":true,"href":"https:\/\/www.cyberguardian.tech\/blog\/wp-json\/wp\/v2\/tags?post=174"}],"curies":[{"name":"wp","href":"https:\/\/api.w.org\/{rel}","templated":true}]}}