{"id":182,"date":"2023-11-24T17:58:00","date_gmt":"2023-11-24T16:58:00","guid":{"rendered":"https:\/\/blog.cyberguardian.tech\/?p=182"},"modified":"2026-02-19T09:49:01","modified_gmt":"2026-02-19T09:49:01","slug":"cyber-guardian-en-el-cyber-insurance-day","status":"publish","type":"post","link":"https:\/\/www.cyberguardian.tech\/blog\/cyber-guardian-en-el-cyber-insurance-day\/","title":{"rendered":"Cyber Guardian en el Cyber Insurance Day 2023"},"content":{"rendered":"\n<p>El pasado 22 de noviembre asistimos al <strong>Cyber Insurance Day<\/strong>. Cerca de 200 personas asistieron a este <a href=\"https:\/\/cyberinsuranceday.es\/\" target=\"_blank\" rel=\"noreferrer noopener\">congreso <\/a>enfocado en ciberseguridad y ciberseguros que subray\u00f3 la actual relevancia de varios aspectos cruciales relacionados con la seguridad empresarial.<\/p>\n\n\n\n<div class=\"wp-block-jetpack-tiled-gallery aligncenter is-style-rectangular\"><div class=\"\"><div class=\"tiled-gallery__gallery\"><div class=\"tiled-gallery__row\"><div class=\"tiled-gallery__col\" style=\"flex-basis:66.70799%\"><figure class=\"tiled-gallery__item\"><img decoding=\"async\" srcset=\"https:\/\/i0.wp.com\/blog.cyberguardian.tech\/wp-content\/uploads\/2024\/02\/cyber-insurance-day-3.png?strip=info&#038;w=600&#038;ssl=1 600w,https:\/\/i0.wp.com\/blog.cyberguardian.tech\/wp-content\/uploads\/2024\/02\/cyber-insurance-day-3.png?strip=info&#038;w=868&#038;ssl=1 868w\" alt=\"Cyber Insurance Day\" data-height=\"576\" data-id=\"218\" data-link=\"https:\/\/blog.cyberguardian.tech\/2023\/11\/24\/cyber-guardian-en-el-cyber-insurance-day\/cyber-insurance-day-3\/\" data-url=\"https:\/\/cyberguardian.tech\/blog\/wp-content\/uploads\/2024\/02\/cyber-insurance-day-3.png?w=868\" data-width=\"868\" src=\"https:\/\/i0.wp.com\/blog.cyberguardian.tech\/wp-content\/uploads\/2024\/02\/cyber-insurance-day-3.png?ssl=1\" data-amp-layout=\"responsive\" tabindex=\"0\" role=\"button\" aria-label=\"Abrir la imagen 1 de 2 en pantalla completa\"\/><\/figure><\/div><div class=\"tiled-gallery__col\" style=\"flex-basis:33.29201%\"><figure class=\"tiled-gallery__item\"><img decoding=\"async\" srcset=\"https:\/\/i0.wp.com\/blog.cyberguardian.tech\/wp-content\/uploads\/2024\/02\/cyber-insurance-day.jpg?strip=info&#038;w=345&#038;ssl=1 345w\" alt=\"\" data-height=\"460\" data-id=\"184\" data-link=\"https:\/\/blog.cyberguardian.tech\/2023\/11\/24\/cyber-guardian-en-el-cyber-insurance-day\/cyber-insurance-day\/\" data-url=\"https:\/\/cyberguardian.tech\/blog\/wp-content\/uploads\/2024\/02\/cyber-insurance-day.jpg?w=345\" data-width=\"345\" src=\"https:\/\/i0.wp.com\/blog.cyberguardian.tech\/wp-content\/uploads\/2024\/02\/cyber-insurance-day.jpg?ssl=1\" data-amp-layout=\"responsive\" tabindex=\"0\" role=\"button\" aria-label=\"Abrir la imagen 2 de 2 en pantalla completa\"\/><\/figure><\/div><\/div><\/div><\/div><\/div>\n\n\n\n<p>Nuestro Director General Jos\u00e9 Antonio Castro ofreci\u00f3 una Keynote donde <strong>present\u00f3 la plataforma de <a href=\"https:\/\/www.cyberguardian.tech\/\" target=\"_blank\" rel=\"noreferrer noopener\">Cyber Guardian<\/a> para proteger los activos de empresas y explic\u00f3 c\u00f3mo se relaciona esa plataforma con el mundo del ciberseguro, destacando la importancia de esta combinaci\u00f3n para asegurar el futuro digital.<\/strong><\/p>\n\n\n\n<p><\/p>\n\n\n\n<p>\u201cCyber Guardian ha trabajado con determinaci\u00f3n para brindar apoyo tanto a sus clientes como al sector de seguros. En esta ocasi\u00f3n actuamos como un enlace y ofrecemos una <strong>soluci\u00f3n \u00fanica que combina lo mejor de ambos mundos: \u00abCyberseguridad + Ciberp\u00f3liza\u00bb.<\/strong>\u201d<\/p>\n\n\n\n<p>Adem\u00e1s participamos en la mesa redonda \u00ab<strong>Requisitos t\u00e9cnicos y estrategias para el ciberseguro<\/strong>\u00bb donde nuestro responsable de desarrollo de negocio, Alexis Alonso, a\u00f1adi\u00f3 la variable \u00abpymes\u00bb por su casu\u00edstica especial de falta de conocimientos, concienciaci\u00f3n y recursos y c\u00f3mo trabajando juntos les podemos ayudar y acercar la ciberseguridad a este tejido empresarial.<\/p>\n\n\n\n<p>Puedes ver el v\u00eddeo de esta ponencia en el <strong>Cyber Insurance Day <\/strong>aqu\u00ed:<\/p>\n\n\n\n<figure class=\"wp-block-embed is-type-video is-provider-youtube wp-block-embed-youtube wp-embed-aspect-16-9 wp-has-aspect-ratio\"><div class=\"wp-block-embed__wrapper\">\n<iframe loading=\"lazy\" title=\"Cyber Insurance Day: Evento completo\" width=\"840\" height=\"473\" src=\"https:\/\/www.youtube.com\/embed\/lz1EoyI9z08?start=5191&#038;feature=oembed\" frameborder=\"0\" allow=\"accelerometer; autoplay; clipboard-write; encrypted-media; gyroscope; picture-in-picture; web-share\" referrerpolicy=\"strict-origin-when-cross-origin\" allowfullscreen><\/iframe>\n<\/div><\/figure>\n\n\n\n<p>Os dejamos aqu\u00ed el enlace al evento: <a href=\"https:\/\/cybersecuritynews.es\/semana-del-ciberseguro-la-alianza-perfecta-ciberseguridad-y-ciberpolizas-para-proteger-tu-empresa\/\" target=\"_blank\" rel=\"noreferrer noopener\">https:\/\/cybersecuritynews.es\/semana-del-ciberseguro-la-alianza-perfecta-ciberseguridad-y-ciberpolizas-para-proteger-tu-empresa\/<\/a><\/p>\n\n\n\n<p>Puedes ver <a href=\"https:\/\/www.cyberguardian.tech\/blog\/cyber-guardian-en-el-cyberinsurance-day\/\" target=\"_blank\" rel=\"noreferrer noopener\">aqu\u00ed <\/a>la entrada en nuestro blog con la participaci\u00f3n de Cyber Guardian en el <strong>Cyber Insurance Day 2024<\/strong>.<\/p>\n","protected":false},"excerpt":{"rendered":"<p>El pasado 22 de noviembre asistimos al Cyber Insurance Day. Cerca de 200 personas asistieron a este congreso enfocado en ciberseguridad y ciberseguros que subray\u00f3 la actual relevancia de varios aspectos cruciales relacionados con la seguridad empresarial. Nuestro Director General Jos\u00e9 Antonio Castro ofreci\u00f3 una Keynote donde present\u00f3 la plataforma de Cyber Guardian para proteger &hellip; <a href=\"https:\/\/www.cyberguardian.tech\/blog\/cyber-guardian-en-el-cyber-insurance-day\/\" class=\"more-link\">Continuar leyendo<span class=\"screen-reader-text\"> \u00abCyber Guardian en el Cyber Insurance Day 2023\u00bb<\/span><\/a><\/p>\n","protected":false},"author":6,"featured_media":0,"comment_status":"closed","ping_status":"closed","sticky":false,"template":"","format":"standard","meta":{"_jetpack_memberships_contains_paid_content":false,"footnotes":""},"categories":[4],"tags":[13,5],"class_list":["post-182","post","type-post","status-publish","format-standard","hentry","category-eventos","tag-ciberseguro","tag-eventos"],"yoast_head":"<!-- This site is optimized with the Yoast SEO plugin v27.5 - https:\/\/yoast.com\/product\/yoast-seo-wordpress\/ -->\n<title>Cyber Insurance: Cyber Guardian en el Cyber Insurance Day 2023<\/title>\n<meta name=\"description\" content=\"Cyber Guardian en el Cyber Insurance Day 2023, el congreso que aglutina expertos en ciberseguridad y ciberseguros\" \/>\n<meta name=\"robots\" content=\"index, follow, max-snippet:-1, max-image-preview:large, max-video-preview:-1\" \/>\n<link rel=\"canonical\" href=\"https:\/\/www.cyberguardian.tech\/blog\/cyber-guardian-en-el-cyber-insurance-day\/\" \/>\n<meta property=\"og:locale\" content=\"es_ES\" \/>\n<meta property=\"og:type\" content=\"article\" \/>\n<meta property=\"og:title\" content=\"Cyber Insurance: Cyber Guardian en el Cyber Insurance Day 2023\" \/>\n<meta property=\"og:description\" content=\"Cyber Guardian en el Cyber Insurance Day 2023, el congreso que aglutina expertos en ciberseguridad y ciberseguros\" \/>\n<meta property=\"og:url\" content=\"https:\/\/www.cyberguardian.tech\/blog\/cyber-guardian-en-el-cyber-insurance-day\/\" \/>\n<meta property=\"og:site_name\" content=\"Cyber Guardian - Blog\" \/>\n<meta property=\"article:published_time\" content=\"2023-11-24T16:58:00+00:00\" \/>\n<meta property=\"article:modified_time\" content=\"2026-02-19T09:49:01+00:00\" \/>\n<meta property=\"og:image\" content=\"https:\/\/i0.wp.com\/blog.cyberguardian.tech\/wp-content\/uploads\/2024\/02\/cyber-insurance-day-3.png?ssl=1\" \/>\n<meta name=\"author\" content=\"Cyber Guardian\" \/>\n<meta name=\"twitter:card\" content=\"summary_large_image\" \/>\n<meta name=\"twitter:label1\" content=\"Escrito por\" \/>\n\t<meta name=\"twitter:data1\" content=\"Cyber Guardian\" \/>\n\t<meta name=\"twitter:label2\" content=\"Tiempo de lectura\" \/>\n\t<meta name=\"twitter:data2\" content=\"2 minutos\" \/>\n<script type=\"application\/ld+json\" class=\"yoast-schema-graph\">{\"@context\":\"https:\\\/\\\/schema.org\",\"@graph\":[{\"@type\":\"Article\",\"@id\":\"https:\\\/\\\/www.cyberguardian.tech\\\/blog\\\/cyber-guardian-en-el-cyber-insurance-day\\\/#article\",\"isPartOf\":{\"@id\":\"https:\\\/\\\/www.cyberguardian.tech\\\/blog\\\/cyber-guardian-en-el-cyber-insurance-day\\\/\"},\"author\":{\"name\":\"Cyber Guardian\",\"@id\":\"https:\\\/\\\/www.cyberguardian.tech\\\/blog\\\/#\\\/schema\\\/person\\\/a3ed9f985851939bf7cef30f1017d93c\"},\"headline\":\"Cyber Guardian en el Cyber Insurance Day 2023\",\"datePublished\":\"2023-11-24T16:58:00+00:00\",\"dateModified\":\"2026-02-19T09:49:01+00:00\",\"mainEntityOfPage\":{\"@id\":\"https:\\\/\\\/www.cyberguardian.tech\\\/blog\\\/cyber-guardian-en-el-cyber-insurance-day\\\/\"},\"wordCount\":246,\"image\":{\"@id\":\"https:\\\/\\\/www.cyberguardian.tech\\\/blog\\\/cyber-guardian-en-el-cyber-insurance-day\\\/#primaryimage\"},\"thumbnailUrl\":\"https:\\\/\\\/i0.wp.com\\\/blog.cyberguardian.tech\\\/wp-content\\\/uploads\\\/2024\\\/02\\\/cyber-insurance-day-3.png?ssl=1\",\"keywords\":[\"Ciberseguro\",\"Eventos\"],\"articleSection\":[\"Eventos\"],\"inLanguage\":\"es\"},{\"@type\":\"WebPage\",\"@id\":\"https:\\\/\\\/www.cyberguardian.tech\\\/blog\\\/cyber-guardian-en-el-cyber-insurance-day\\\/\",\"url\":\"https:\\\/\\\/www.cyberguardian.tech\\\/blog\\\/cyber-guardian-en-el-cyber-insurance-day\\\/\",\"name\":\"Cyber Insurance: Cyber Guardian en el Cyber Insurance Day 2023\",\"isPartOf\":{\"@id\":\"https:\\\/\\\/www.cyberguardian.tech\\\/blog\\\/#website\"},\"primaryImageOfPage\":{\"@id\":\"https:\\\/\\\/www.cyberguardian.tech\\\/blog\\\/cyber-guardian-en-el-cyber-insurance-day\\\/#primaryimage\"},\"image\":{\"@id\":\"https:\\\/\\\/www.cyberguardian.tech\\\/blog\\\/cyber-guardian-en-el-cyber-insurance-day\\\/#primaryimage\"},\"thumbnailUrl\":\"https:\\\/\\\/i0.wp.com\\\/blog.cyberguardian.tech\\\/wp-content\\\/uploads\\\/2024\\\/02\\\/cyber-insurance-day-3.png?ssl=1\",\"datePublished\":\"2023-11-24T16:58:00+00:00\",\"dateModified\":\"2026-02-19T09:49:01+00:00\",\"author\":{\"@id\":\"https:\\\/\\\/www.cyberguardian.tech\\\/blog\\\/#\\\/schema\\\/person\\\/a3ed9f985851939bf7cef30f1017d93c\"},\"description\":\"Cyber Guardian en el Cyber Insurance Day 2023, el congreso que aglutina expertos en ciberseguridad y ciberseguros\",\"breadcrumb\":{\"@id\":\"https:\\\/\\\/www.cyberguardian.tech\\\/blog\\\/cyber-guardian-en-el-cyber-insurance-day\\\/#breadcrumb\"},\"inLanguage\":\"es\",\"potentialAction\":[{\"@type\":\"ReadAction\",\"target\":[\"https:\\\/\\\/www.cyberguardian.tech\\\/blog\\\/cyber-guardian-en-el-cyber-insurance-day\\\/\"]}]},{\"@type\":\"ImageObject\",\"inLanguage\":\"es\",\"@id\":\"https:\\\/\\\/www.cyberguardian.tech\\\/blog\\\/cyber-guardian-en-el-cyber-insurance-day\\\/#primaryimage\",\"url\":\"https:\\\/\\\/i0.wp.com\\\/blog.cyberguardian.tech\\\/wp-content\\\/uploads\\\/2024\\\/02\\\/cyber-insurance-day-3.png?ssl=1\",\"contentUrl\":\"https:\\\/\\\/i0.wp.com\\\/blog.cyberguardian.tech\\\/wp-content\\\/uploads\\\/2024\\\/02\\\/cyber-insurance-day-3.png?ssl=1\"},{\"@type\":\"BreadcrumbList\",\"@id\":\"https:\\\/\\\/www.cyberguardian.tech\\\/blog\\\/cyber-guardian-en-el-cyber-insurance-day\\\/#breadcrumb\",\"itemListElement\":[{\"@type\":\"ListItem\",\"position\":1,\"name\":\"Portada\",\"item\":\"https:\\\/\\\/www.cyberguardian.tech\\\/blog\\\/\"},{\"@type\":\"ListItem\",\"position\":2,\"name\":\"Cyber Guardian en el Cyber Insurance Day 2023\"}]},{\"@type\":\"WebSite\",\"@id\":\"https:\\\/\\\/www.cyberguardian.tech\\\/blog\\\/#website\",\"url\":\"https:\\\/\\\/www.cyberguardian.tech\\\/blog\\\/\",\"name\":\"Cyber Guardian - Blog\",\"description\":\"Blog sobre ciberseguridad para peque\u00f1as y medianas empresas f\u00e1cil de entender tambi\u00e9n para usuarios no t\u00e9cnicos.\",\"potentialAction\":[{\"@type\":\"SearchAction\",\"target\":{\"@type\":\"EntryPoint\",\"urlTemplate\":\"https:\\\/\\\/www.cyberguardian.tech\\\/blog\\\/?s={search_term_string}\"},\"query-input\":{\"@type\":\"PropertyValueSpecification\",\"valueRequired\":true,\"valueName\":\"search_term_string\"}}],\"inLanguage\":\"es\"},{\"@type\":\"Person\",\"@id\":\"https:\\\/\\\/www.cyberguardian.tech\\\/blog\\\/#\\\/schema\\\/person\\\/a3ed9f985851939bf7cef30f1017d93c\",\"name\":\"Cyber Guardian\",\"image\":{\"@type\":\"ImageObject\",\"inLanguage\":\"es\",\"@id\":\"https:\\\/\\\/secure.gravatar.com\\\/avatar\\\/8f120ab25b7fcac0c91b7b5d2970930a6a93112558b277a8b8353f8bbad0b82a?s=96&d=mm&r=g\",\"url\":\"https:\\\/\\\/secure.gravatar.com\\\/avatar\\\/8f120ab25b7fcac0c91b7b5d2970930a6a93112558b277a8b8353f8bbad0b82a?s=96&d=mm&r=g\",\"contentUrl\":\"https:\\\/\\\/secure.gravatar.com\\\/avatar\\\/8f120ab25b7fcac0c91b7b5d2970930a6a93112558b277a8b8353f8bbad0b82a?s=96&d=mm&r=g\",\"caption\":\"Cyber Guardian\"},\"sameAs\":[\"https:\\\/\\\/cyberguardian.tech\"],\"url\":\"https:\\\/\\\/www.cyberguardian.tech\\\/blog\\\/author\\\/cyberguardian\\\/\"}]}<\/script>\n<!-- \/ Yoast SEO plugin. -->","yoast_head_json":{"title":"Cyber Insurance: Cyber Guardian en el Cyber Insurance Day 2023","description":"Cyber Guardian en el Cyber Insurance Day 2023, el congreso que aglutina expertos en ciberseguridad y ciberseguros","robots":{"index":"index","follow":"follow","max-snippet":"max-snippet:-1","max-image-preview":"max-image-preview:large","max-video-preview":"max-video-preview:-1"},"canonical":"https:\/\/www.cyberguardian.tech\/blog\/cyber-guardian-en-el-cyber-insurance-day\/","og_locale":"es_ES","og_type":"article","og_title":"Cyber Insurance: Cyber Guardian en el Cyber Insurance Day 2023","og_description":"Cyber Guardian en el Cyber Insurance Day 2023, el congreso que aglutina expertos en ciberseguridad y ciberseguros","og_url":"https:\/\/www.cyberguardian.tech\/blog\/cyber-guardian-en-el-cyber-insurance-day\/","og_site_name":"Cyber Guardian - Blog","article_published_time":"2023-11-24T16:58:00+00:00","article_modified_time":"2026-02-19T09:49:01+00:00","og_image":[{"url":"https:\/\/i0.wp.com\/blog.cyberguardian.tech\/wp-content\/uploads\/2024\/02\/cyber-insurance-day-3.png?ssl=1","type":"","width":"","height":""}],"author":"Cyber Guardian","twitter_card":"summary_large_image","twitter_misc":{"Escrito por":"Cyber Guardian","Tiempo de lectura":"2 minutos"},"schema":{"@context":"https:\/\/schema.org","@graph":[{"@type":"Article","@id":"https:\/\/www.cyberguardian.tech\/blog\/cyber-guardian-en-el-cyber-insurance-day\/#article","isPartOf":{"@id":"https:\/\/www.cyberguardian.tech\/blog\/cyber-guardian-en-el-cyber-insurance-day\/"},"author":{"name":"Cyber Guardian","@id":"https:\/\/www.cyberguardian.tech\/blog\/#\/schema\/person\/a3ed9f985851939bf7cef30f1017d93c"},"headline":"Cyber Guardian en el Cyber Insurance Day 2023","datePublished":"2023-11-24T16:58:00+00:00","dateModified":"2026-02-19T09:49:01+00:00","mainEntityOfPage":{"@id":"https:\/\/www.cyberguardian.tech\/blog\/cyber-guardian-en-el-cyber-insurance-day\/"},"wordCount":246,"image":{"@id":"https:\/\/www.cyberguardian.tech\/blog\/cyber-guardian-en-el-cyber-insurance-day\/#primaryimage"},"thumbnailUrl":"https:\/\/i0.wp.com\/blog.cyberguardian.tech\/wp-content\/uploads\/2024\/02\/cyber-insurance-day-3.png?ssl=1","keywords":["Ciberseguro","Eventos"],"articleSection":["Eventos"],"inLanguage":"es"},{"@type":"WebPage","@id":"https:\/\/www.cyberguardian.tech\/blog\/cyber-guardian-en-el-cyber-insurance-day\/","url":"https:\/\/www.cyberguardian.tech\/blog\/cyber-guardian-en-el-cyber-insurance-day\/","name":"Cyber Insurance: Cyber Guardian en el Cyber Insurance Day 2023","isPartOf":{"@id":"https:\/\/www.cyberguardian.tech\/blog\/#website"},"primaryImageOfPage":{"@id":"https:\/\/www.cyberguardian.tech\/blog\/cyber-guardian-en-el-cyber-insurance-day\/#primaryimage"},"image":{"@id":"https:\/\/www.cyberguardian.tech\/blog\/cyber-guardian-en-el-cyber-insurance-day\/#primaryimage"},"thumbnailUrl":"https:\/\/i0.wp.com\/blog.cyberguardian.tech\/wp-content\/uploads\/2024\/02\/cyber-insurance-day-3.png?ssl=1","datePublished":"2023-11-24T16:58:00+00:00","dateModified":"2026-02-19T09:49:01+00:00","author":{"@id":"https:\/\/www.cyberguardian.tech\/blog\/#\/schema\/person\/a3ed9f985851939bf7cef30f1017d93c"},"description":"Cyber Guardian en el Cyber Insurance Day 2023, el congreso que aglutina expertos en ciberseguridad y ciberseguros","breadcrumb":{"@id":"https:\/\/www.cyberguardian.tech\/blog\/cyber-guardian-en-el-cyber-insurance-day\/#breadcrumb"},"inLanguage":"es","potentialAction":[{"@type":"ReadAction","target":["https:\/\/www.cyberguardian.tech\/blog\/cyber-guardian-en-el-cyber-insurance-day\/"]}]},{"@type":"ImageObject","inLanguage":"es","@id":"https:\/\/www.cyberguardian.tech\/blog\/cyber-guardian-en-el-cyber-insurance-day\/#primaryimage","url":"https:\/\/i0.wp.com\/blog.cyberguardian.tech\/wp-content\/uploads\/2024\/02\/cyber-insurance-day-3.png?ssl=1","contentUrl":"https:\/\/i0.wp.com\/blog.cyberguardian.tech\/wp-content\/uploads\/2024\/02\/cyber-insurance-day-3.png?ssl=1"},{"@type":"BreadcrumbList","@id":"https:\/\/www.cyberguardian.tech\/blog\/cyber-guardian-en-el-cyber-insurance-day\/#breadcrumb","itemListElement":[{"@type":"ListItem","position":1,"name":"Portada","item":"https:\/\/www.cyberguardian.tech\/blog\/"},{"@type":"ListItem","position":2,"name":"Cyber Guardian en el Cyber Insurance Day 2023"}]},{"@type":"WebSite","@id":"https:\/\/www.cyberguardian.tech\/blog\/#website","url":"https:\/\/www.cyberguardian.tech\/blog\/","name":"Cyber Guardian - Blog","description":"Blog sobre ciberseguridad para peque\u00f1as y medianas empresas f\u00e1cil de entender tambi\u00e9n para usuarios no t\u00e9cnicos.","potentialAction":[{"@type":"SearchAction","target":{"@type":"EntryPoint","urlTemplate":"https:\/\/www.cyberguardian.tech\/blog\/?s={search_term_string}"},"query-input":{"@type":"PropertyValueSpecification","valueRequired":true,"valueName":"search_term_string"}}],"inLanguage":"es"},{"@type":"Person","@id":"https:\/\/www.cyberguardian.tech\/blog\/#\/schema\/person\/a3ed9f985851939bf7cef30f1017d93c","name":"Cyber Guardian","image":{"@type":"ImageObject","inLanguage":"es","@id":"https:\/\/secure.gravatar.com\/avatar\/8f120ab25b7fcac0c91b7b5d2970930a6a93112558b277a8b8353f8bbad0b82a?s=96&d=mm&r=g","url":"https:\/\/secure.gravatar.com\/avatar\/8f120ab25b7fcac0c91b7b5d2970930a6a93112558b277a8b8353f8bbad0b82a?s=96&d=mm&r=g","contentUrl":"https:\/\/secure.gravatar.com\/avatar\/8f120ab25b7fcac0c91b7b5d2970930a6a93112558b277a8b8353f8bbad0b82a?s=96&d=mm&r=g","caption":"Cyber Guardian"},"sameAs":["https:\/\/cyberguardian.tech"],"url":"https:\/\/www.cyberguardian.tech\/blog\/author\/cyberguardian\/"}]}},"jetpack_featured_media_url":"","jetpack_sharing_enabled":true,"jetpack-related-posts":[{"id":674,"url":"https:\/\/www.cyberguardian.tech\/blog\/cyber-guardian-en-el-cyberinsurance-day\/","url_meta":{"origin":182,"position":0},"title":"Cyber Guardian en el Cyber Insurance Day 2024","author":"Cyber Guardian","date":"28 de junio de 2024","format":false,"excerpt":"El pasado mi\u00e9rcoles 26 de junio estuvimos en la V Edici\u00f3n de\u00a0Cyber Insurance Day,\u00a0\u00fanico\u00a0evento\u00a0en Espa\u00f1a que fusiona a los sectores de la ciberseguridad y los seguros, y que reuni\u00f3 a expertos en ciberseguros, aseguradoras, mediadores, soluciones de ciberseguridad, y entidades p\u00fablicas. Nuestro Director General, Alexis Alonso particip\u00f3 en la primera\u2026","rel":"","context":"En \u00abEventos\u00bb","block_context":{"text":"Eventos","link":"https:\/\/www.cyberguardian.tech\/blog\/category\/eventos\/"},"img":{"alt_text":"Cyber Insurance Day","src":"https:\/\/i0.wp.com\/www.cyberguardian.tech\/blog\/wp-content\/uploads\/2024\/07\/202406_CyberInsuranceDay_1.png?resize=350%2C200&ssl=1","width":350,"height":200,"srcset":"https:\/\/i0.wp.com\/www.cyberguardian.tech\/blog\/wp-content\/uploads\/2024\/07\/202406_CyberInsuranceDay_1.png?resize=350%2C200&ssl=1 1x, https:\/\/i0.wp.com\/www.cyberguardian.tech\/blog\/wp-content\/uploads\/2024\/07\/202406_CyberInsuranceDay_1.png?resize=525%2C300&ssl=1 1.5x, https:\/\/i0.wp.com\/www.cyberguardian.tech\/blog\/wp-content\/uploads\/2024\/07\/202406_CyberInsuranceDay_1.png?resize=700%2C400&ssl=1 2x, https:\/\/i0.wp.com\/www.cyberguardian.tech\/blog\/wp-content\/uploads\/2024\/07\/202406_CyberInsuranceDay_1.png?resize=1050%2C600&ssl=1 3x"},"classes":[]},{"id":13,"url":"https:\/\/www.cyberguardian.tech\/blog\/cyber-guardian-en-el-des-2022\/","url_meta":{"origin":182,"position":1},"title":"Cyber Guardian en el DES 2022","author":"Cyber Guardian","date":"20 de junio de 2022","format":false,"excerpt":"La semana pasada Cyber Guardian estuvo junto a Banco Santander, en el DES | Digital Enterprise Show 2022, el evento tecnol\u00f3gico l\u00edder a nivel global dedicado a la transformaci\u00f3n digital donde tuvimos la oportunidad de presentar Cyber Guardian a multitud de empresas que se acercaron por el stand de Banco\u2026","rel":"","context":"En \u00abEventos\u00bb","block_context":{"text":"Eventos","link":"https:\/\/www.cyberguardian.tech\/blog\/category\/eventos\/"},"img":{"alt_text":"Ciberseguridad DES 2022","src":"https:\/\/i0.wp.com\/www.cyberguardian.tech\/blog\/wp-content\/uploads\/52c6d3e6b4c0a389.png?resize=350%2C200&ssl=1","width":350,"height":200,"srcset":"https:\/\/i0.wp.com\/www.cyberguardian.tech\/blog\/wp-content\/uploads\/52c6d3e6b4c0a389.png?resize=350%2C200&ssl=1 1x, https:\/\/i0.wp.com\/www.cyberguardian.tech\/blog\/wp-content\/uploads\/52c6d3e6b4c0a389.png?resize=525%2C300&ssl=1 1.5x, https:\/\/i0.wp.com\/www.cyberguardian.tech\/blog\/wp-content\/uploads\/52c6d3e6b4c0a389.png?resize=700%2C400&ssl=1 2x"},"classes":[]},{"id":51,"url":"https:\/\/www.cyberguardian.tech\/blog\/cyber-guardian-en-enise\/","url_meta":{"origin":182,"position":2},"title":"Cyber Guardian en ENISE","author":"Cyber Guardian","date":"28 de octubre de 2022","format":false,"excerpt":"La semana pasada asistimos al #16ENISE, el encuentro anual internacional de Seguridad de la Informaci\u00f3n, organizado por INCIBE, los d\u00edas 19 y 20 de Octubre. Tuvimos la oportunidad de presentar Cyber Guardian desde nuestro stand y desde el Speaker Corner a innumerables personalidades y representantes del sector de la Ciberseguridad,\u2026","rel":"","context":"En \u00abEventos\u00bb","block_context":{"text":"Eventos","link":"https:\/\/www.cyberguardian.tech\/blog\/category\/eventos\/"},"img":{"alt_text":"","src":"https:\/\/i0.wp.com\/www.cyberguardian.tech\/blog\/wp-content\/uploads\/deb113eebc499539.png?resize=350%2C200&ssl=1","width":350,"height":200,"srcset":"https:\/\/i0.wp.com\/www.cyberguardian.tech\/blog\/wp-content\/uploads\/deb113eebc499539.png?resize=350%2C200&ssl=1 1x, https:\/\/i0.wp.com\/www.cyberguardian.tech\/blog\/wp-content\/uploads\/deb113eebc499539.png?resize=525%2C300&ssl=1 1.5x, https:\/\/i0.wp.com\/www.cyberguardian.tech\/blog\/wp-content\/uploads\/deb113eebc499539.png?resize=700%2C400&ssl=1 2x, https:\/\/i0.wp.com\/www.cyberguardian.tech\/blog\/wp-content\/uploads\/deb113eebc499539.png?resize=1050%2C600&ssl=1 3x"},"classes":[]},{"id":190,"url":"https:\/\/www.cyberguardian.tech\/blog\/cyber-guardian-en-evento-ecosistemas-de-ciberseguridad-en-madrid\/","url_meta":{"origin":182,"position":3},"title":"Cyber Guardian en evento \u00abEcosistemas de Ciberseguridad en Madrid\u00bb","author":"Cyber Guardian","date":"23 de febrero de 2024","format":false,"excerpt":"El pasado viernes 23 de Febrero estuvimos en el evento \u201cEcosistemas de Ciberseguridad en Madrid\u201d una jornada sobre ciberseguridad en CEIM - Confederaci\u00f3n Empresarial de Madrid-CEOE donde las principales empresas del sector de Ciberseguridad compartimos nuestra visi\u00f3n sobre la situaci\u00f3n del sector en\u00a0Madrid, los retos existentes y diferentes propuestas para\u2026","rel":"","context":"En \u00abEventos\u00bb","block_context":{"text":"Eventos","link":"https:\/\/www.cyberguardian.tech\/blog\/category\/eventos\/"},"img":{"alt_text":"","src":"https:\/\/i0.wp.com\/www.cyberguardian.tech\/blog\/wp-content\/uploads\/2024\/02\/imagen1-150x150.jpg?resize=350%2C200&ssl=1","width":350,"height":200,"srcset":"https:\/\/i0.wp.com\/www.cyberguardian.tech\/blog\/wp-content\/uploads\/2024\/02\/imagen1-150x150.jpg?resize=350%2C200&ssl=1 1x, https:\/\/i0.wp.com\/www.cyberguardian.tech\/blog\/wp-content\/uploads\/2024\/02\/imagen1-150x150.jpg?resize=525%2C300&ssl=1 1.5x, https:\/\/i0.wp.com\/www.cyberguardian.tech\/blog\/wp-content\/uploads\/2024\/02\/imagen1-150x150.jpg?resize=700%2C400&ssl=1 2x, https:\/\/i0.wp.com\/www.cyberguardian.tech\/blog\/wp-content\/uploads\/2024\/02\/imagen1-150x150.jpg?resize=1050%2C600&ssl=1 3x"},"classes":[]},{"id":267,"url":"https:\/\/www.cyberguardian.tech\/blog\/cyber-guardian-en-el-i-congreso-de-ciberseguridad-para-pymes\/","url_meta":{"origin":182,"position":4},"title":"Cyber Guardian en el I Congreso de Ciberseguridad para pymes","author":"Cyber Guardian","date":"16 de diciembre de 2022","format":false,"excerpt":"Esta semana Cyber Guardian estuvo en el I Congreso de Ciberseguridad para PYMES en Madrid, organizado conjuntamente por ISMS Forum\u00a0y\u00a0Cluster CyberMadrid. Nuestro responsable global Jose Antonio Castro habl\u00f3 del contexto actual de las amenazas de ciberseguridad donde las PYMES son las m\u00e1s vulnerables. \"Las peque\u00f1as y medianas empresas viven tres\u2026","rel":"","context":"En \u00abEventos\u00bb","block_context":{"text":"Eventos","link":"https:\/\/www.cyberguardian.tech\/blog\/category\/eventos\/"},"img":{"alt_text":"Congreso Ciberseguridad Pymes","src":"https:\/\/i0.wp.com\/www.cyberguardian.tech\/blog\/wp-content\/uploads\/336c12f8fe3e08d6.png?resize=350%2C200&ssl=1","width":350,"height":200,"srcset":"https:\/\/i0.wp.com\/www.cyberguardian.tech\/blog\/wp-content\/uploads\/336c12f8fe3e08d6.png?resize=350%2C200&ssl=1 1x, https:\/\/i0.wp.com\/www.cyberguardian.tech\/blog\/wp-content\/uploads\/336c12f8fe3e08d6.png?resize=525%2C300&ssl=1 1.5x, https:\/\/i0.wp.com\/www.cyberguardian.tech\/blog\/wp-content\/uploads\/336c12f8fe3e08d6.png?resize=700%2C400&ssl=1 2x"},"classes":[]},{"id":139,"url":"https:\/\/www.cyberguardian.tech\/blog\/encuentro-con-aseguradoras-y-principales-actores-del-mundo-del-ciberseguro\/","url_meta":{"origin":182,"position":5},"title":"Encuentro con Aseguradoras y actores del mundo del ciberseguro","author":"Cyber Guardian","date":"16 de junio de 2023","format":false,"excerpt":"Esta semana, los d\u00edas 13 y 14 de junio tuvimos la oportunidad de patrocinar y participar en el Espacio tiSec, de la Revista SIC, y compartir experiencias con grandes aseguradoras y los principales actores en el mundo del ciberseguro. Nuestro Director General, Jos\u00e9 Antonio Castro realiz\u00f3 una ponencia en la\u2026","rel":"","context":"En \u00abEventos\u00bb","block_context":{"text":"Eventos","link":"https:\/\/www.cyberguardian.tech\/blog\/category\/eventos\/"},"img":{"alt_text":"ciberseguro","src":"https:\/\/i0.wp.com\/www.cyberguardian.tech\/blog\/wp-content\/uploads\/3286c3473996761a.png?resize=350%2C200&ssl=1","width":350,"height":200,"srcset":"https:\/\/i0.wp.com\/www.cyberguardian.tech\/blog\/wp-content\/uploads\/3286c3473996761a.png?resize=350%2C200&ssl=1 1x, https:\/\/i0.wp.com\/www.cyberguardian.tech\/blog\/wp-content\/uploads\/3286c3473996761a.png?resize=525%2C300&ssl=1 1.5x, https:\/\/i0.wp.com\/www.cyberguardian.tech\/blog\/wp-content\/uploads\/3286c3473996761a.png?resize=700%2C400&ssl=1 2x, https:\/\/i0.wp.com\/www.cyberguardian.tech\/blog\/wp-content\/uploads\/3286c3473996761a.png?resize=1050%2C600&ssl=1 3x"},"classes":[]}],"_links":{"self":[{"href":"https:\/\/www.cyberguardian.tech\/blog\/wp-json\/wp\/v2\/posts\/182","targetHints":{"allow":["GET"]}}],"collection":[{"href":"https:\/\/www.cyberguardian.tech\/blog\/wp-json\/wp\/v2\/posts"}],"about":[{"href":"https:\/\/www.cyberguardian.tech\/blog\/wp-json\/wp\/v2\/types\/post"}],"author":[{"embeddable":true,"href":"https:\/\/www.cyberguardian.tech\/blog\/wp-json\/wp\/v2\/users\/6"}],"replies":[{"embeddable":true,"href":"https:\/\/www.cyberguardian.tech\/blog\/wp-json\/wp\/v2\/comments?post=182"}],"version-history":[{"count":3,"href":"https:\/\/www.cyberguardian.tech\/blog\/wp-json\/wp\/v2\/posts\/182\/revisions"}],"predecessor-version":[{"id":1331,"href":"https:\/\/www.cyberguardian.tech\/blog\/wp-json\/wp\/v2\/posts\/182\/revisions\/1331"}],"wp:attachment":[{"href":"https:\/\/www.cyberguardian.tech\/blog\/wp-json\/wp\/v2\/media?parent=182"}],"wp:term":[{"taxonomy":"category","embeddable":true,"href":"https:\/\/www.cyberguardian.tech\/blog\/wp-json\/wp\/v2\/categories?post=182"},{"taxonomy":"post_tag","embeddable":true,"href":"https:\/\/www.cyberguardian.tech\/blog\/wp-json\/wp\/v2\/tags?post=182"}],"curies":[{"name":"wp","href":"https:\/\/api.w.org\/{rel}","templated":true}]}}