{"id":187,"date":"2023-11-30T18:02:00","date_gmt":"2023-11-30T17:02:00","guid":{"rendered":"https:\/\/blog.cyberguardian.tech\/?p=187"},"modified":"2025-08-26T14:46:45","modified_gmt":"2025-08-26T14:46:45","slug":"cyber-guardian-en-el-i-cybersecurity-healthcare-pharma-congress","status":"publish","type":"post","link":"https:\/\/www.cyberguardian.tech\/blog\/cyber-guardian-en-el-i-cybersecurity-healthcare-pharma-congress\/","title":{"rendered":"Cyber Guardian en el I CyberSecurity HealthCare &amp; Pharma Congress."},"content":{"rendered":"\n<p>El pasado 23 de Noviembre participamos en el <a href=\"https:\/\/www.cybermadrid.org\/evento\/25\/i-cybersecurity-healthcare-pharma-congress-de-cybermadrid\/\" target=\"_blank\" rel=\"noreferrer noopener\">I CyberSecurity HealthCare &amp; Pharma Congress<\/a>, organizado por el Cl\u00faster CyberMadrid y Cl\u00faster Mad e-Health para apoyar desde la ciberseguridad al sector salud. <\/p>\n\n\n\n<p><strong>La ciberseguridad constituye una cuesti\u00f3n de m\u00e1xima relevancia para el sector de la salud por la enorme superficie de exposici\u00f3n y vulnerabilidad de los datos y los procesos esenciales que gestiona.<\/strong> El congreso reuni\u00f3 expertos procedentes de instituciones como de empresas.<\/p>\n\n\n\n<p>Nuestro Director de Desarrollo de Negocio, Alexis Alonso, realiz\u00f3 la ponencia titulada \u201c<strong>Soluciones Integrales en Protecci\u00f3n, detecci\u00f3n y respuesta<\/strong>\u201d donde explic\u00f3 los retos y ciberamenazas a los que se enfrenta el sector sanitario para proteger su informaci\u00f3n y explic\u00f3 en qu\u00e9 consiste <strong><a href=\"https:\/\/www.cyberguardian.tech\/\" target=\"_blank\" rel=\"noreferrer noopener\">Cyber Guardian<\/a>, la soluci\u00f3n m\u00e1s completa de Ciberseguridad que unifica la protecci\u00f3n, detecci\u00f3n y respuesta y la gesti\u00f3n de todas las protecciones en una sola plataforma<\/strong>.<\/p>\n\n\n\n<p>Os dejamos aqu\u00ed el v\u00eddeo de la ponencia de Alexis Alonso:<\/p>\n\n\n\n<figure class=\"wp-block-embed is-type-video is-provider-youtube wp-block-embed-youtube wp-embed-aspect-16-9 wp-has-aspect-ratio\"><div class=\"wp-block-embed__wrapper\">\n<iframe loading=\"lazy\" title=\"I Cybersecurity Healthcare &amp; Pharma Congress. Ponencia 16\" width=\"840\" height=\"473\" src=\"https:\/\/www.youtube.com\/embed\/sC8lbGo0TkM?feature=oembed\" frameborder=\"0\" allow=\"accelerometer; autoplay; clipboard-write; encrypted-media; gyroscope; picture-in-picture; web-share\" referrerpolicy=\"strict-origin-when-cross-origin\" allowfullscreen><\/iframe>\n<\/div><\/figure>\n","protected":false},"excerpt":{"rendered":"<p>El pasado 23 de Noviembre participamos en el I CyberSecurity HealthCare &amp; Pharma Congress, organizado por el Cl\u00faster CyberMadrid y Cl\u00faster Mad e-Health para apoyar desde la ciberseguridad al sector salud. La ciberseguridad constituye una cuesti\u00f3n de m\u00e1xima relevancia para el sector de la salud por la enorme superficie de exposici\u00f3n y vulnerabilidad de los &hellip; <a href=\"https:\/\/www.cyberguardian.tech\/blog\/cyber-guardian-en-el-i-cybersecurity-healthcare-pharma-congress\/\" class=\"more-link\">Continuar leyendo<span class=\"screen-reader-text\"> \u00abCyber Guardian en el I CyberSecurity HealthCare &amp; Pharma Congress.\u00bb<\/span><\/a><\/p>\n","protected":false},"author":6,"featured_media":0,"comment_status":"closed","ping_status":"closed","sticky":false,"template":"","format":"standard","meta":{"_jetpack_memberships_contains_paid_content":false,"footnotes":""},"categories":[4],"tags":[18,5,19],"class_list":["post-187","post","type-post","status-publish","format-standard","hentry","category-eventos","tag-cluster-cybermadrid","tag-eventos","tag-sector-salud"],"yoast_head":"<!-- This site is optimized with the Yoast SEO plugin v27.5 - https:\/\/yoast.com\/product\/yoast-seo-wordpress\/ -->\n<title>Ciberseguridad sector salud: Cyber Guardian healthcare pharma<\/title>\n<meta name=\"description\" content=\"Ciberseguridad sector salud: Cyber Guardian apoyando al sector salud en el I CyberSecurity HealthCare &amp; Pharma Congress 2023.\" \/>\n<meta name=\"robots\" content=\"index, follow, max-snippet:-1, max-image-preview:large, max-video-preview:-1\" \/>\n<link rel=\"canonical\" href=\"https:\/\/www.cyberguardian.tech\/blog\/cyber-guardian-en-el-i-cybersecurity-healthcare-pharma-congress\/\" \/>\n<meta property=\"og:locale\" content=\"es_ES\" \/>\n<meta property=\"og:type\" content=\"article\" \/>\n<meta property=\"og:title\" content=\"Ciberseguridad sector salud: Cyber Guardian healthcare pharma\" \/>\n<meta property=\"og:description\" content=\"Ciberseguridad sector salud: Cyber Guardian apoyando al sector salud en el I CyberSecurity HealthCare &amp; Pharma Congress 2023.\" \/>\n<meta property=\"og:url\" content=\"https:\/\/www.cyberguardian.tech\/blog\/cyber-guardian-en-el-i-cybersecurity-healthcare-pharma-congress\/\" \/>\n<meta property=\"og:site_name\" content=\"Cyber Guardian - Blog\" \/>\n<meta property=\"article:published_time\" content=\"2023-11-30T17:02:00+00:00\" \/>\n<meta property=\"article:modified_time\" content=\"2025-08-26T14:46:45+00:00\" \/>\n<meta name=\"author\" content=\"Cyber Guardian\" \/>\n<meta name=\"twitter:card\" content=\"summary_large_image\" \/>\n<meta name=\"twitter:label1\" content=\"Escrito por\" \/>\n\t<meta name=\"twitter:data1\" content=\"Cyber Guardian\" \/>\n\t<meta name=\"twitter:label2\" content=\"Tiempo de lectura\" \/>\n\t<meta name=\"twitter:data2\" content=\"1 minuto\" \/>\n<script type=\"application\/ld+json\" class=\"yoast-schema-graph\">{\"@context\":\"https:\\\/\\\/schema.org\",\"@graph\":[{\"@type\":\"Article\",\"@id\":\"https:\\\/\\\/www.cyberguardian.tech\\\/blog\\\/cyber-guardian-en-el-i-cybersecurity-healthcare-pharma-congress\\\/#article\",\"isPartOf\":{\"@id\":\"https:\\\/\\\/www.cyberguardian.tech\\\/blog\\\/cyber-guardian-en-el-i-cybersecurity-healthcare-pharma-congress\\\/\"},\"author\":{\"name\":\"Cyber Guardian\",\"@id\":\"https:\\\/\\\/www.cyberguardian.tech\\\/blog\\\/#\\\/schema\\\/person\\\/a3ed9f985851939bf7cef30f1017d93c\"},\"headline\":\"Cyber Guardian en el I CyberSecurity HealthCare &amp; Pharma Congress.\",\"datePublished\":\"2023-11-30T17:02:00+00:00\",\"dateModified\":\"2025-08-26T14:46:45+00:00\",\"mainEntityOfPage\":{\"@id\":\"https:\\\/\\\/www.cyberguardian.tech\\\/blog\\\/cyber-guardian-en-el-i-cybersecurity-healthcare-pharma-congress\\\/\"},\"wordCount\":183,\"keywords\":[\"Cl\u00faster CyberMadrid\",\"Eventos\",\"Sector Salud\"],\"articleSection\":[\"Eventos\"],\"inLanguage\":\"es\"},{\"@type\":\"WebPage\",\"@id\":\"https:\\\/\\\/www.cyberguardian.tech\\\/blog\\\/cyber-guardian-en-el-i-cybersecurity-healthcare-pharma-congress\\\/\",\"url\":\"https:\\\/\\\/www.cyberguardian.tech\\\/blog\\\/cyber-guardian-en-el-i-cybersecurity-healthcare-pharma-congress\\\/\",\"name\":\"Ciberseguridad sector salud: Cyber Guardian healthcare pharma\",\"isPartOf\":{\"@id\":\"https:\\\/\\\/www.cyberguardian.tech\\\/blog\\\/#website\"},\"datePublished\":\"2023-11-30T17:02:00+00:00\",\"dateModified\":\"2025-08-26T14:46:45+00:00\",\"author\":{\"@id\":\"https:\\\/\\\/www.cyberguardian.tech\\\/blog\\\/#\\\/schema\\\/person\\\/a3ed9f985851939bf7cef30f1017d93c\"},\"description\":\"Ciberseguridad sector salud: Cyber Guardian apoyando al sector salud en el I CyberSecurity HealthCare & Pharma Congress 2023.\",\"breadcrumb\":{\"@id\":\"https:\\\/\\\/www.cyberguardian.tech\\\/blog\\\/cyber-guardian-en-el-i-cybersecurity-healthcare-pharma-congress\\\/#breadcrumb\"},\"inLanguage\":\"es\",\"potentialAction\":[{\"@type\":\"ReadAction\",\"target\":[\"https:\\\/\\\/www.cyberguardian.tech\\\/blog\\\/cyber-guardian-en-el-i-cybersecurity-healthcare-pharma-congress\\\/\"]}]},{\"@type\":\"BreadcrumbList\",\"@id\":\"https:\\\/\\\/www.cyberguardian.tech\\\/blog\\\/cyber-guardian-en-el-i-cybersecurity-healthcare-pharma-congress\\\/#breadcrumb\",\"itemListElement\":[{\"@type\":\"ListItem\",\"position\":1,\"name\":\"Portada\",\"item\":\"https:\\\/\\\/www.cyberguardian.tech\\\/blog\\\/\"},{\"@type\":\"ListItem\",\"position\":2,\"name\":\"Cyber Guardian en el I CyberSecurity HealthCare &amp; Pharma Congress.\"}]},{\"@type\":\"WebSite\",\"@id\":\"https:\\\/\\\/www.cyberguardian.tech\\\/blog\\\/#website\",\"url\":\"https:\\\/\\\/www.cyberguardian.tech\\\/blog\\\/\",\"name\":\"Cyber Guardian - Blog\",\"description\":\"Blog sobre ciberseguridad para peque\u00f1as y medianas empresas f\u00e1cil de entender tambi\u00e9n para usuarios no t\u00e9cnicos.\",\"potentialAction\":[{\"@type\":\"SearchAction\",\"target\":{\"@type\":\"EntryPoint\",\"urlTemplate\":\"https:\\\/\\\/www.cyberguardian.tech\\\/blog\\\/?s={search_term_string}\"},\"query-input\":{\"@type\":\"PropertyValueSpecification\",\"valueRequired\":true,\"valueName\":\"search_term_string\"}}],\"inLanguage\":\"es\"},{\"@type\":\"Person\",\"@id\":\"https:\\\/\\\/www.cyberguardian.tech\\\/blog\\\/#\\\/schema\\\/person\\\/a3ed9f985851939bf7cef30f1017d93c\",\"name\":\"Cyber Guardian\",\"image\":{\"@type\":\"ImageObject\",\"inLanguage\":\"es\",\"@id\":\"https:\\\/\\\/secure.gravatar.com\\\/avatar\\\/8f120ab25b7fcac0c91b7b5d2970930a6a93112558b277a8b8353f8bbad0b82a?s=96&d=mm&r=g\",\"url\":\"https:\\\/\\\/secure.gravatar.com\\\/avatar\\\/8f120ab25b7fcac0c91b7b5d2970930a6a93112558b277a8b8353f8bbad0b82a?s=96&d=mm&r=g\",\"contentUrl\":\"https:\\\/\\\/secure.gravatar.com\\\/avatar\\\/8f120ab25b7fcac0c91b7b5d2970930a6a93112558b277a8b8353f8bbad0b82a?s=96&d=mm&r=g\",\"caption\":\"Cyber Guardian\"},\"sameAs\":[\"https:\\\/\\\/cyberguardian.tech\"],\"url\":\"https:\\\/\\\/www.cyberguardian.tech\\\/blog\\\/author\\\/cyberguardian\\\/\"}]}<\/script>\n<!-- \/ Yoast SEO plugin. -->","yoast_head_json":{"title":"Ciberseguridad sector salud: Cyber Guardian healthcare pharma","description":"Ciberseguridad sector salud: Cyber Guardian apoyando al sector salud en el I CyberSecurity HealthCare & Pharma Congress 2023.","robots":{"index":"index","follow":"follow","max-snippet":"max-snippet:-1","max-image-preview":"max-image-preview:large","max-video-preview":"max-video-preview:-1"},"canonical":"https:\/\/www.cyberguardian.tech\/blog\/cyber-guardian-en-el-i-cybersecurity-healthcare-pharma-congress\/","og_locale":"es_ES","og_type":"article","og_title":"Ciberseguridad sector salud: Cyber Guardian healthcare pharma","og_description":"Ciberseguridad sector salud: Cyber Guardian apoyando al sector salud en el I CyberSecurity HealthCare & Pharma Congress 2023.","og_url":"https:\/\/www.cyberguardian.tech\/blog\/cyber-guardian-en-el-i-cybersecurity-healthcare-pharma-congress\/","og_site_name":"Cyber Guardian - Blog","article_published_time":"2023-11-30T17:02:00+00:00","article_modified_time":"2025-08-26T14:46:45+00:00","author":"Cyber Guardian","twitter_card":"summary_large_image","twitter_misc":{"Escrito por":"Cyber Guardian","Tiempo de lectura":"1 minuto"},"schema":{"@context":"https:\/\/schema.org","@graph":[{"@type":"Article","@id":"https:\/\/www.cyberguardian.tech\/blog\/cyber-guardian-en-el-i-cybersecurity-healthcare-pharma-congress\/#article","isPartOf":{"@id":"https:\/\/www.cyberguardian.tech\/blog\/cyber-guardian-en-el-i-cybersecurity-healthcare-pharma-congress\/"},"author":{"name":"Cyber Guardian","@id":"https:\/\/www.cyberguardian.tech\/blog\/#\/schema\/person\/a3ed9f985851939bf7cef30f1017d93c"},"headline":"Cyber Guardian en el I CyberSecurity HealthCare &amp; Pharma Congress.","datePublished":"2023-11-30T17:02:00+00:00","dateModified":"2025-08-26T14:46:45+00:00","mainEntityOfPage":{"@id":"https:\/\/www.cyberguardian.tech\/blog\/cyber-guardian-en-el-i-cybersecurity-healthcare-pharma-congress\/"},"wordCount":183,"keywords":["Cl\u00faster CyberMadrid","Eventos","Sector Salud"],"articleSection":["Eventos"],"inLanguage":"es"},{"@type":"WebPage","@id":"https:\/\/www.cyberguardian.tech\/blog\/cyber-guardian-en-el-i-cybersecurity-healthcare-pharma-congress\/","url":"https:\/\/www.cyberguardian.tech\/blog\/cyber-guardian-en-el-i-cybersecurity-healthcare-pharma-congress\/","name":"Ciberseguridad sector salud: Cyber Guardian healthcare pharma","isPartOf":{"@id":"https:\/\/www.cyberguardian.tech\/blog\/#website"},"datePublished":"2023-11-30T17:02:00+00:00","dateModified":"2025-08-26T14:46:45+00:00","author":{"@id":"https:\/\/www.cyberguardian.tech\/blog\/#\/schema\/person\/a3ed9f985851939bf7cef30f1017d93c"},"description":"Ciberseguridad sector salud: Cyber Guardian apoyando al sector salud en el I CyberSecurity HealthCare & Pharma Congress 2023.","breadcrumb":{"@id":"https:\/\/www.cyberguardian.tech\/blog\/cyber-guardian-en-el-i-cybersecurity-healthcare-pharma-congress\/#breadcrumb"},"inLanguage":"es","potentialAction":[{"@type":"ReadAction","target":["https:\/\/www.cyberguardian.tech\/blog\/cyber-guardian-en-el-i-cybersecurity-healthcare-pharma-congress\/"]}]},{"@type":"BreadcrumbList","@id":"https:\/\/www.cyberguardian.tech\/blog\/cyber-guardian-en-el-i-cybersecurity-healthcare-pharma-congress\/#breadcrumb","itemListElement":[{"@type":"ListItem","position":1,"name":"Portada","item":"https:\/\/www.cyberguardian.tech\/blog\/"},{"@type":"ListItem","position":2,"name":"Cyber Guardian en el I CyberSecurity HealthCare &amp; Pharma Congress."}]},{"@type":"WebSite","@id":"https:\/\/www.cyberguardian.tech\/blog\/#website","url":"https:\/\/www.cyberguardian.tech\/blog\/","name":"Cyber Guardian - Blog","description":"Blog sobre ciberseguridad para peque\u00f1as y medianas empresas f\u00e1cil de entender tambi\u00e9n para usuarios no t\u00e9cnicos.","potentialAction":[{"@type":"SearchAction","target":{"@type":"EntryPoint","urlTemplate":"https:\/\/www.cyberguardian.tech\/blog\/?s={search_term_string}"},"query-input":{"@type":"PropertyValueSpecification","valueRequired":true,"valueName":"search_term_string"}}],"inLanguage":"es"},{"@type":"Person","@id":"https:\/\/www.cyberguardian.tech\/blog\/#\/schema\/person\/a3ed9f985851939bf7cef30f1017d93c","name":"Cyber Guardian","image":{"@type":"ImageObject","inLanguage":"es","@id":"https:\/\/secure.gravatar.com\/avatar\/8f120ab25b7fcac0c91b7b5d2970930a6a93112558b277a8b8353f8bbad0b82a?s=96&d=mm&r=g","url":"https:\/\/secure.gravatar.com\/avatar\/8f120ab25b7fcac0c91b7b5d2970930a6a93112558b277a8b8353f8bbad0b82a?s=96&d=mm&r=g","contentUrl":"https:\/\/secure.gravatar.com\/avatar\/8f120ab25b7fcac0c91b7b5d2970930a6a93112558b277a8b8353f8bbad0b82a?s=96&d=mm&r=g","caption":"Cyber Guardian"},"sameAs":["https:\/\/cyberguardian.tech"],"url":"https:\/\/www.cyberguardian.tech\/blog\/author\/cyberguardian\/"}]}},"jetpack_featured_media_url":"","jetpack_sharing_enabled":true,"jetpack-related-posts":[{"id":190,"url":"https:\/\/www.cyberguardian.tech\/blog\/cyber-guardian-en-evento-ecosistemas-de-ciberseguridad-en-madrid\/","url_meta":{"origin":187,"position":0},"title":"Cyber Guardian en evento \u00abEcosistemas de Ciberseguridad en Madrid\u00bb","author":"Cyber Guardian","date":"23 de febrero de 2024","format":false,"excerpt":"El pasado viernes 23 de Febrero estuvimos en el evento \u201cEcosistemas de Ciberseguridad en Madrid\u201d una jornada sobre ciberseguridad en CEIM - Confederaci\u00f3n Empresarial de Madrid-CEOE donde las principales empresas del sector de Ciberseguridad compartimos nuestra visi\u00f3n sobre la situaci\u00f3n del sector en\u00a0Madrid, los retos existentes y diferentes propuestas para\u2026","rel":"","context":"En \u00abEventos\u00bb","block_context":{"text":"Eventos","link":"https:\/\/www.cyberguardian.tech\/blog\/category\/eventos\/"},"img":{"alt_text":"","src":"https:\/\/i0.wp.com\/www.cyberguardian.tech\/blog\/wp-content\/uploads\/2024\/02\/imagen1-150x150.jpg?resize=350%2C200&ssl=1","width":350,"height":200,"srcset":"https:\/\/i0.wp.com\/www.cyberguardian.tech\/blog\/wp-content\/uploads\/2024\/02\/imagen1-150x150.jpg?resize=350%2C200&ssl=1 1x, https:\/\/i0.wp.com\/www.cyberguardian.tech\/blog\/wp-content\/uploads\/2024\/02\/imagen1-150x150.jpg?resize=525%2C300&ssl=1 1.5x, https:\/\/i0.wp.com\/www.cyberguardian.tech\/blog\/wp-content\/uploads\/2024\/02\/imagen1-150x150.jpg?resize=700%2C400&ssl=1 2x, https:\/\/i0.wp.com\/www.cyberguardian.tech\/blog\/wp-content\/uploads\/2024\/02\/imagen1-150x150.jpg?resize=1050%2C600&ssl=1 3x"},"classes":[]},{"id":267,"url":"https:\/\/www.cyberguardian.tech\/blog\/cyber-guardian-en-el-i-congreso-de-ciberseguridad-para-pymes\/","url_meta":{"origin":187,"position":1},"title":"Cyber Guardian en el I Congreso de Ciberseguridad para pymes","author":"Cyber Guardian","date":"16 de diciembre de 2022","format":false,"excerpt":"Esta semana Cyber Guardian estuvo en el I Congreso de Ciberseguridad para PYMES en Madrid, organizado conjuntamente por ISMS Forum\u00a0y\u00a0Cluster CyberMadrid. Nuestro responsable global Jose Antonio Castro habl\u00f3 del contexto actual de las amenazas de ciberseguridad donde las PYMES son las m\u00e1s vulnerables. \"Las peque\u00f1as y medianas empresas viven tres\u2026","rel":"","context":"En \u00abEventos\u00bb","block_context":{"text":"Eventos","link":"https:\/\/www.cyberguardian.tech\/blog\/category\/eventos\/"},"img":{"alt_text":"Congreso Ciberseguridad Pymes","src":"https:\/\/i0.wp.com\/www.cyberguardian.tech\/blog\/wp-content\/uploads\/336c12f8fe3e08d6.png?resize=350%2C200&ssl=1","width":350,"height":200,"srcset":"https:\/\/i0.wp.com\/www.cyberguardian.tech\/blog\/wp-content\/uploads\/336c12f8fe3e08d6.png?resize=350%2C200&ssl=1 1x, https:\/\/i0.wp.com\/www.cyberguardian.tech\/blog\/wp-content\/uploads\/336c12f8fe3e08d6.png?resize=525%2C300&ssl=1 1.5x, https:\/\/i0.wp.com\/www.cyberguardian.tech\/blog\/wp-content\/uploads\/336c12f8fe3e08d6.png?resize=700%2C400&ssl=1 2x"},"classes":[]},{"id":182,"url":"https:\/\/www.cyberguardian.tech\/blog\/cyber-guardian-en-el-cyber-insurance-day\/","url_meta":{"origin":187,"position":2},"title":"Cyber Guardian en el Cyber Insurance Day 2023","author":"Cyber Guardian","date":"24 de noviembre de 2023","format":false,"excerpt":"El pasado 22 de noviembre asistimos al Cyber Insurance Day. Cerca de 200 personas asistieron a este congreso enfocado en ciberseguridad y ciberseguros que subray\u00f3 la actual relevancia de varios aspectos cruciales relacionados con la seguridad empresarial. Nuestro Director General Jos\u00e9 Antonio Castro ofreci\u00f3 una Keynote donde present\u00f3 la plataforma\u2026","rel":"","context":"En \u00abEventos\u00bb","block_context":{"text":"Eventos","link":"https:\/\/www.cyberguardian.tech\/blog\/category\/eventos\/"},"img":{"alt_text":"Cyber Insurance Day","src":"https:\/\/i0.wp.com\/www.cyberguardian.tech\/blog\/wp-content\/uploads\/2024\/02\/cyber-insurance-day-3.png?resize=350%2C200&ssl=1","width":350,"height":200,"srcset":"https:\/\/i0.wp.com\/www.cyberguardian.tech\/blog\/wp-content\/uploads\/2024\/02\/cyber-insurance-day-3.png?resize=350%2C200&ssl=1 1x, https:\/\/i0.wp.com\/www.cyberguardian.tech\/blog\/wp-content\/uploads\/2024\/02\/cyber-insurance-day-3.png?resize=525%2C300&ssl=1 1.5x, https:\/\/i0.wp.com\/www.cyberguardian.tech\/blog\/wp-content\/uploads\/2024\/02\/cyber-insurance-day-3.png?resize=700%2C400&ssl=1 2x"},"classes":[]},{"id":674,"url":"https:\/\/www.cyberguardian.tech\/blog\/cyber-guardian-en-el-cyberinsurance-day\/","url_meta":{"origin":187,"position":3},"title":"Cyber Guardian en el Cyber Insurance Day 2024","author":"Cyber Guardian","date":"28 de junio de 2024","format":false,"excerpt":"El pasado mi\u00e9rcoles 26 de junio estuvimos en la V Edici\u00f3n de\u00a0Cyber Insurance Day,\u00a0\u00fanico\u00a0evento\u00a0en Espa\u00f1a que fusiona a los sectores de la ciberseguridad y los seguros, y que reuni\u00f3 a expertos en ciberseguros, aseguradoras, mediadores, soluciones de ciberseguridad, y entidades p\u00fablicas. Nuestro Director General, Alexis Alonso particip\u00f3 en la primera\u2026","rel":"","context":"En \u00abEventos\u00bb","block_context":{"text":"Eventos","link":"https:\/\/www.cyberguardian.tech\/blog\/category\/eventos\/"},"img":{"alt_text":"Cyber Insurance Day","src":"https:\/\/i0.wp.com\/www.cyberguardian.tech\/blog\/wp-content\/uploads\/2024\/07\/202406_CyberInsuranceDay_1.png?resize=350%2C200&ssl=1","width":350,"height":200,"srcset":"https:\/\/i0.wp.com\/www.cyberguardian.tech\/blog\/wp-content\/uploads\/2024\/07\/202406_CyberInsuranceDay_1.png?resize=350%2C200&ssl=1 1x, https:\/\/i0.wp.com\/www.cyberguardian.tech\/blog\/wp-content\/uploads\/2024\/07\/202406_CyberInsuranceDay_1.png?resize=525%2C300&ssl=1 1.5x, https:\/\/i0.wp.com\/www.cyberguardian.tech\/blog\/wp-content\/uploads\/2024\/07\/202406_CyberInsuranceDay_1.png?resize=700%2C400&ssl=1 2x, https:\/\/i0.wp.com\/www.cyberguardian.tech\/blog\/wp-content\/uploads\/2024\/07\/202406_CyberInsuranceDay_1.png?resize=1050%2C600&ssl=1 3x"},"classes":[]},{"id":51,"url":"https:\/\/www.cyberguardian.tech\/blog\/cyber-guardian-en-enise\/","url_meta":{"origin":187,"position":4},"title":"Cyber Guardian en ENISE","author":"Cyber Guardian","date":"28 de octubre de 2022","format":false,"excerpt":"La semana pasada asistimos al #16ENISE, el encuentro anual internacional de Seguridad de la Informaci\u00f3n, organizado por INCIBE, los d\u00edas 19 y 20 de Octubre. Tuvimos la oportunidad de presentar Cyber Guardian desde nuestro stand y desde el Speaker Corner a innumerables personalidades y representantes del sector de la Ciberseguridad,\u2026","rel":"","context":"En \u00abEventos\u00bb","block_context":{"text":"Eventos","link":"https:\/\/www.cyberguardian.tech\/blog\/category\/eventos\/"},"img":{"alt_text":"","src":"https:\/\/i0.wp.com\/www.cyberguardian.tech\/blog\/wp-content\/uploads\/deb113eebc499539.png?resize=350%2C200&ssl=1","width":350,"height":200,"srcset":"https:\/\/i0.wp.com\/www.cyberguardian.tech\/blog\/wp-content\/uploads\/deb113eebc499539.png?resize=350%2C200&ssl=1 1x, https:\/\/i0.wp.com\/www.cyberguardian.tech\/blog\/wp-content\/uploads\/deb113eebc499539.png?resize=525%2C300&ssl=1 1.5x, https:\/\/i0.wp.com\/www.cyberguardian.tech\/blog\/wp-content\/uploads\/deb113eebc499539.png?resize=700%2C400&ssl=1 2x, https:\/\/i0.wp.com\/www.cyberguardian.tech\/blog\/wp-content\/uploads\/deb113eebc499539.png?resize=1050%2C600&ssl=1 3x"},"classes":[]},{"id":174,"url":"https:\/\/www.cyberguardian.tech\/blog\/la-plataforma-cyber-guardian-premiada-en-los-premios-sic-2023\/","url_meta":{"origin":187,"position":5},"title":"\u00a1La plataforma Cyber Guardian premiada en los premios SIC!","author":"Cyber Guardian","date":"27 de octubre de 2023","format":false,"excerpt":"\u00a1Estamos de enhorabuena! El pasado 25 de octubre durante la cena de la ciberseguridad 2023 que organiz\u00f3 la revista SIC para reunir a los profesionales y a las compa\u00f1\u00edas y organizaciones del sector de la Ciberseguridad, se hicieron entrega de los XIX Premios SIC, y \u00a1Cyber Guardian fue galardonado con\u2026","rel":"","context":"En \u00abEventos\u00bb","block_context":{"text":"Eventos","link":"https:\/\/www.cyberguardian.tech\/blog\/category\/eventos\/"},"img":{"alt_text":"","src":"https:\/\/i0.wp.com\/www.cyberguardian.tech\/blog\/wp-content\/uploads\/2024\/02\/premio-sic-1-1.png?resize=350%2C200&ssl=1","width":350,"height":200,"srcset":"https:\/\/i0.wp.com\/www.cyberguardian.tech\/blog\/wp-content\/uploads\/2024\/02\/premio-sic-1-1.png?resize=350%2C200&ssl=1 1x, https:\/\/i0.wp.com\/www.cyberguardian.tech\/blog\/wp-content\/uploads\/2024\/02\/premio-sic-1-1.png?resize=525%2C300&ssl=1 1.5x, https:\/\/i0.wp.com\/www.cyberguardian.tech\/blog\/wp-content\/uploads\/2024\/02\/premio-sic-1-1.png?resize=700%2C400&ssl=1 2x, https:\/\/i0.wp.com\/www.cyberguardian.tech\/blog\/wp-content\/uploads\/2024\/02\/premio-sic-1-1.png?resize=1050%2C600&ssl=1 3x, https:\/\/i0.wp.com\/www.cyberguardian.tech\/blog\/wp-content\/uploads\/2024\/02\/premio-sic-1-1.png?resize=1400%2C800&ssl=1 4x"},"classes":[]}],"_links":{"self":[{"href":"https:\/\/www.cyberguardian.tech\/blog\/wp-json\/wp\/v2\/posts\/187","targetHints":{"allow":["GET"]}}],"collection":[{"href":"https:\/\/www.cyberguardian.tech\/blog\/wp-json\/wp\/v2\/posts"}],"about":[{"href":"https:\/\/www.cyberguardian.tech\/blog\/wp-json\/wp\/v2\/types\/post"}],"author":[{"embeddable":true,"href":"https:\/\/www.cyberguardian.tech\/blog\/wp-json\/wp\/v2\/users\/6"}],"replies":[{"embeddable":true,"href":"https:\/\/www.cyberguardian.tech\/blog\/wp-json\/wp\/v2\/comments?post=187"}],"version-history":[{"count":1,"href":"https:\/\/www.cyberguardian.tech\/blog\/wp-json\/wp\/v2\/posts\/187\/revisions"}],"predecessor-version":[{"id":1232,"href":"https:\/\/www.cyberguardian.tech\/blog\/wp-json\/wp\/v2\/posts\/187\/revisions\/1232"}],"wp:attachment":[{"href":"https:\/\/www.cyberguardian.tech\/blog\/wp-json\/wp\/v2\/media?parent=187"}],"wp:term":[{"taxonomy":"category","embeddable":true,"href":"https:\/\/www.cyberguardian.tech\/blog\/wp-json\/wp\/v2\/categories?post=187"},{"taxonomy":"post_tag","embeddable":true,"href":"https:\/\/www.cyberguardian.tech\/blog\/wp-json\/wp\/v2\/tags?post=187"}],"curies":[{"name":"wp","href":"https:\/\/api.w.org\/{rel}","templated":true}]}}