{"id":190,"date":"2024-02-23T18:12:00","date_gmt":"2024-02-23T17:12:00","guid":{"rendered":"https:\/\/blog.cyberguardian.tech\/?p=190"},"modified":"2025-08-26T14:46:45","modified_gmt":"2025-08-26T14:46:45","slug":"cyber-guardian-en-evento-ecosistemas-de-ciberseguridad-en-madrid","status":"publish","type":"post","link":"https:\/\/www.cyberguardian.tech\/blog\/cyber-guardian-en-evento-ecosistemas-de-ciberseguridad-en-madrid\/","title":{"rendered":"Cyber Guardian en evento \u00abEcosistemas de Ciberseguridad en Madrid\u00bb"},"content":{"rendered":"\n<p>El pasado viernes 23 de Febrero estuvimos en el evento \u201cEcosistemas de Ciberseguridad en Madrid\u201d una jornada sobre ciberseguridad en <a href=\"https:\/\/www.linkedin.com\/company\/ceim---confederaci%C3%B3n-empresarial-de-madrid-ceoe\/\" target=\"_blank\" rel=\"noreferrer noopener\">CEIM &#8211; Confederaci\u00f3n Empresarial de Madrid-CEOE<\/a> donde las principales empresas del sector de Ciberseguridad compartimos nuestra visi\u00f3n sobre la situaci\u00f3n del sector en&nbsp;Madrid, los retos existentes y diferentes propuestas para abordarlos.<\/p>\n\n\n\n<figure class=\"wp-block-gallery has-nested-images columns-default is-cropped wp-block-gallery-1 is-layout-flex wp-block-gallery-is-layout-flex\">\n<figure class=\"wp-block-image size-large\"><img loading=\"lazy\" decoding=\"async\" width=\"1299\" height=\"609\" data-id=\"192\" src=\"https:\/\/cyberguardian.tech\/blog\/wp-content\/uploads\/2024\/02\/imagen1.jpg?w=1024\" alt=\"\" class=\"wp-image-192\" srcset=\"https:\/\/www.cyberguardian.tech\/blog\/wp-content\/uploads\/2024\/02\/imagen1.jpg 1299w, https:\/\/www.cyberguardian.tech\/blog\/wp-content\/uploads\/2024\/02\/imagen1-300x141.jpg 300w, https:\/\/www.cyberguardian.tech\/blog\/wp-content\/uploads\/2024\/02\/imagen1-1024x480.jpg 1024w, https:\/\/www.cyberguardian.tech\/blog\/wp-content\/uploads\/2024\/02\/imagen1-768x360.jpg 768w, https:\/\/www.cyberguardian.tech\/blog\/wp-content\/uploads\/2024\/02\/imagen1-1200x563.jpg 1200w\" sizes=\"auto, (max-width: 709px) 85vw, (max-width: 909px) 67vw, (max-width: 1362px) 62vw, 840px\" \/><\/figure>\n\n\n\n<figure class=\"wp-block-image size-large\"><img loading=\"lazy\" decoding=\"async\" width=\"1299\" height=\"866\" data-id=\"193\" src=\"https:\/\/cyberguardian.tech\/blog\/wp-content\/uploads\/2024\/02\/imagen2.jpg?w=1024\" alt=\"\" class=\"wp-image-193\" srcset=\"https:\/\/www.cyberguardian.tech\/blog\/wp-content\/uploads\/2024\/02\/imagen2.jpg 1299w, https:\/\/www.cyberguardian.tech\/blog\/wp-content\/uploads\/2024\/02\/imagen2-300x200.jpg 300w, https:\/\/www.cyberguardian.tech\/blog\/wp-content\/uploads\/2024\/02\/imagen2-1024x683.jpg 1024w, https:\/\/www.cyberguardian.tech\/blog\/wp-content\/uploads\/2024\/02\/imagen2-768x512.jpg 768w, https:\/\/www.cyberguardian.tech\/blog\/wp-content\/uploads\/2024\/02\/imagen2-1200x800.jpg 1200w\" sizes=\"auto, (max-width: 709px) 85vw, (max-width: 909px) 67vw, (max-width: 1362px) 62vw, 840px\" \/><\/figure>\n\n\n\n<figure class=\"wp-block-image size-large\"><img loading=\"lazy\" decoding=\"async\" width=\"567\" height=\"309\" data-id=\"195\" src=\"https:\/\/cyberguardian.tech\/blog\/wp-content\/uploads\/2024\/02\/imagen4.jpg?w=567\" alt=\"\" class=\"wp-image-195\" srcset=\"https:\/\/www.cyberguardian.tech\/blog\/wp-content\/uploads\/2024\/02\/imagen4.jpg 567w, https:\/\/www.cyberguardian.tech\/blog\/wp-content\/uploads\/2024\/02\/imagen4-300x163.jpg 300w\" sizes=\"auto, (max-width: 567px) 85vw, 567px\" \/><\/figure>\n\n\n\n<figure class=\"wp-block-image size-large\"><img loading=\"lazy\" decoding=\"async\" width=\"567\" height=\"277\" data-id=\"194\" src=\"https:\/\/cyberguardian.tech\/blog\/wp-content\/uploads\/2024\/02\/imagen3.jpg?w=567\" alt=\"\" class=\"wp-image-194\" srcset=\"https:\/\/www.cyberguardian.tech\/blog\/wp-content\/uploads\/2024\/02\/imagen3.jpg 567w, https:\/\/www.cyberguardian.tech\/blog\/wp-content\/uploads\/2024\/02\/imagen3-300x147.jpg 300w\" sizes=\"auto, (max-width: 567px) 85vw, 567px\" \/><\/figure>\n<\/figure>\n\n\n\n<p><\/p>\n\n\n\n<p>Nuestro Director General, <a href=\"https:\/\/www.linkedin.com\/in\/ACoAABKv5GABqlhVDr0Fz-36dPFS5P_i4QdqjUY\"><\/a><a href=\"https:\/\/www.linkedin.com\/in\/alexis-alonso-ar%C3%A9valo-654bb588\/\" target=\"_blank\" rel=\"noreferrer noopener\">Alexis Alonso Ar\u00e9valo<\/a>, destac\u00f3 la necesidad de <strong>apoyar a las pymes en la Comunidad de Madrid para ayudarlas a enfrentar la evoluci\u00f3n vertiginosa de las amenazas de ciberseguridad<\/strong>. Las pymes parten de una situaci\u00f3n inicial de debilidad ante estas amenazas por la falta de recursos econ\u00f3micos, humanos, conocimiento, etc. Para ello <strong>hemos creado <a href=\"https:\/\/www.cyberguardian.tech\/\" target=\"_blank\" rel=\"noreferrer noopener\">Cyber Guardian<\/a> para acercar la mejor seguridad a las pymes, eliminando tecnicismos y simplificando la gesti\u00f3n desde una \u00fanica plataforma. Cyber Guardian permite a las pymes conocer y entender su nivel de seguridad, acceder a las mejores tecnolog\u00edas de protecci\u00f3n, detecci\u00f3n y respuesta, incluyendo capacidades de Inteligencia Artificial y Machine Learning, y tener en todo momento una gu\u00eda para su mejora continua<\/strong>.<\/p>\n\n\n\n<!--more-->\n\n\n\n<p>Apoyando esta iniciativa participaron <a href=\"https:\/\/www.linkedin.com\/in\/ACoAAAvVFZkBiVXoWcrETN7IU64oUO-mKA0Uf98\"><\/a><a href=\"https:\/\/www.linkedin.com\/in\/oscarromerajimenez\/\" target=\"_blank\" rel=\"noreferrer noopener\">\u00d3scar Romera Jim\u00e9nez<\/a>, Coordinador General de Econom\u00eda, Comercio y Consumo del <a href=\"https:\/\/www.linkedin.com\/company\/ayuntamiento-de-madrid-espa%C3%B1a\/\" target=\"_blank\" rel=\"noreferrer noopener\">Ayuntamiento de Madrid<\/a> e <a href=\"https:\/\/www.linkedin.com\/in\/ACoAABxNYKIBH2ZlzZdyKhDjD2Rkvv_yWJ5eh14\"><\/a><a href=\"https:\/\/www.linkedin.com\/in\/ignacio-azorin\/\" target=\"_blank\" rel=\"noreferrer noopener\">Ignacio Azor\u00edn<\/a>, Director General de Estrategia Digital de la Consejer\u00eda de Digitalizaci\u00f3n de la <a href=\"https:\/\/www.linkedin.com\/company\/comunidad-de-madrid\/\" target=\"_blank\" rel=\"noreferrer noopener\">Comunidad de Madrid<\/a>, escuchando todas las ideas y propuestas para favorecer la colaboraci\u00f3n p\u00fablico-privada tan necesaria para mejorar la ciberseguridad y su impacto en las empresas y la econom\u00eda de Madrid. Tambi\u00e9n apoyando esta iniciativa estuvieron <a href=\"https:\/\/www.linkedin.com\/in\/ACoAAA1VzuAB77qQk-iSjdzRY0eZd91j2OoftUw\"><\/a><a href=\"https:\/\/www.linkedin.com\/in\/charo-pinilla-cabo-a00b1362\/\" target=\"_blank\" rel=\"noreferrer noopener\">Charo Pinilla Cabo<\/a> y <a href=\"https:\/\/www.linkedin.com\/in\/ACoAAABpAScBRluqPeghHmAOpmiXuoUyp7UUaaY\"><\/a><a href=\"https:\/\/www.linkedin.com\/in\/damian-ruiz-soriano-48737a2\/\" target=\"_blank\" rel=\"noreferrer noopener\">Damian Ruiz Soriano<\/a> del <a href=\"https:\/\/www.linkedin.com\/company\/clustercybermadrid\/\" target=\"_blank\" rel=\"noreferrer noopener\">CyberMadrid- Cl\u00faster de Ciberseguridad de Madrid<\/a>, en su labor de impulso del desarrollo del sector en Madrid.<br><br>Muchas gracias, <a href=\"https:\/\/www.linkedin.com\/company\/ceim---confederaci%C3%B3n-empresarial-de-madrid-ceoe\/\" target=\"_blank\" rel=\"noreferrer noopener\">CEIM &#8211; Confederaci\u00f3n Empresarial de Madrid-CEOE<\/a>, <a href=\"https:\/\/www.linkedin.com\/company\/madrid-investment-attraction\/\" target=\"_blank\" rel=\"noreferrer noopener\">Madrid Investment Attraction<\/a> por la invitaci\u00f3n y enhorabuena <a href=\"https:\/\/www.linkedin.com\/in\/ACoAAEV9GGoB5gNDEtQvhlOA6h2YR51ptgBAQ98\"><\/a><a href=\"https:\/\/www.linkedin.com\/in\/sara-molero-palomino\/\" target=\"_blank\" rel=\"noreferrer noopener\">Sara Molero Palomino<\/a>, <a href=\"https:\/\/www.linkedin.com\/in\/ACoAAAKokTABAkwoAf6Gi9MsmQgg73J-5Yxou0A\"><\/a><a href=\"https:\/\/www.linkedin.com\/in\/rocioguemes\/\" target=\"_blank\" rel=\"noreferrer noopener\">Roc\u00edo G\u00fcemes<\/a> y su\u00a0equipo\u00a0por el \u00e9xito del evento.<\/p>\n\n\n\n<p><\/p>\n","protected":false},"excerpt":{"rendered":"<p>El pasado viernes 23 de Febrero estuvimos en el evento \u201cEcosistemas de Ciberseguridad en Madrid\u201d una jornada sobre ciberseguridad en CEIM &#8211; Confederaci\u00f3n Empresarial de Madrid-CEOE donde las principales empresas del sector de Ciberseguridad compartimos nuestra visi\u00f3n sobre la situaci\u00f3n del sector en&nbsp;Madrid, los retos existentes y diferentes propuestas para abordarlos. Nuestro Director General, Alexis &hellip; <a href=\"https:\/\/www.cyberguardian.tech\/blog\/cyber-guardian-en-evento-ecosistemas-de-ciberseguridad-en-madrid\/\" class=\"more-link\">Continuar leyendo<span class=\"screen-reader-text\"> \u00abCyber Guardian en evento \u00abEcosistemas de Ciberseguridad en Madrid\u00bb\u00bb<\/span><\/a><\/p>\n","protected":false},"author":6,"featured_media":0,"comment_status":"closed","ping_status":"closed","sticky":false,"template":"","format":"standard","meta":{"_jetpack_memberships_contains_paid_content":false,"footnotes":""},"categories":[4,12],"tags":[20,18,5],"class_list":["post-190","post","type-post","status-publish","format-standard","hentry","category-eventos","category-noticias-cyber","tag-ceim","tag-cluster-cybermadrid","tag-eventos"],"yoast_head":"<!-- This site is optimized with the Yoast SEO plugin v27.5 - https:\/\/yoast.com\/product\/yoast-seo-wordpress\/ -->\n<title>Cyber Guardian en evento &quot;Ecosistemas de Ciberseguridad en Madrid&quot; - Cyber Guardian - Blog<\/title>\n<meta name=\"robots\" content=\"index, follow, max-snippet:-1, max-image-preview:large, max-video-preview:-1\" \/>\n<link rel=\"canonical\" href=\"https:\/\/www.cyberguardian.tech\/blog\/cyber-guardian-en-evento-ecosistemas-de-ciberseguridad-en-madrid\/\" \/>\n<meta property=\"og:locale\" content=\"es_ES\" \/>\n<meta property=\"og:type\" content=\"article\" \/>\n<meta property=\"og:title\" content=\"Cyber Guardian en evento &quot;Ecosistemas de Ciberseguridad en Madrid&quot; - Cyber Guardian - Blog\" \/>\n<meta property=\"og:description\" content=\"El pasado viernes 23 de Febrero estuvimos en el evento \u201cEcosistemas de Ciberseguridad en Madrid\u201d una jornada sobre ciberseguridad en CEIM &#8211; Confederaci\u00f3n Empresarial de Madrid-CEOE donde las principales empresas del sector de Ciberseguridad compartimos nuestra visi\u00f3n sobre la situaci\u00f3n del sector en&nbsp;Madrid, los retos existentes y diferentes propuestas para abordarlos. Nuestro Director General, Alexis &hellip; Continuar leyendo &quot;Cyber Guardian en evento \u00abEcosistemas de Ciberseguridad en Madrid\u00bb&quot;\" \/>\n<meta property=\"og:url\" content=\"https:\/\/www.cyberguardian.tech\/blog\/cyber-guardian-en-evento-ecosistemas-de-ciberseguridad-en-madrid\/\" \/>\n<meta property=\"og:site_name\" content=\"Cyber Guardian - Blog\" \/>\n<meta property=\"article:published_time\" content=\"2024-02-23T17:12:00+00:00\" \/>\n<meta property=\"article:modified_time\" content=\"2025-08-26T14:46:45+00:00\" \/>\n<meta property=\"og:image\" content=\"https:\/\/cyberguardian.tech\/blog\/wp-content\/uploads\/2024\/02\/imagen1.jpg?w=1024\" \/>\n<meta name=\"author\" content=\"Cyber Guardian\" \/>\n<meta name=\"twitter:card\" content=\"summary_large_image\" \/>\n<meta name=\"twitter:label1\" content=\"Escrito por\" \/>\n\t<meta name=\"twitter:data1\" content=\"Cyber Guardian\" \/>\n\t<meta name=\"twitter:label2\" content=\"Tiempo de lectura\" \/>\n\t<meta name=\"twitter:data2\" content=\"3 minutos\" \/>\n<script type=\"application\/ld+json\" class=\"yoast-schema-graph\">{\"@context\":\"https:\\\/\\\/schema.org\",\"@graph\":[{\"@type\":\"Article\",\"@id\":\"https:\\\/\\\/www.cyberguardian.tech\\\/blog\\\/cyber-guardian-en-evento-ecosistemas-de-ciberseguridad-en-madrid\\\/#article\",\"isPartOf\":{\"@id\":\"https:\\\/\\\/www.cyberguardian.tech\\\/blog\\\/cyber-guardian-en-evento-ecosistemas-de-ciberseguridad-en-madrid\\\/\"},\"author\":{\"name\":\"Cyber Guardian\",\"@id\":\"https:\\\/\\\/www.cyberguardian.tech\\\/blog\\\/#\\\/schema\\\/person\\\/a3ed9f985851939bf7cef30f1017d93c\"},\"headline\":\"Cyber Guardian en evento \u00abEcosistemas de Ciberseguridad en Madrid\u00bb\",\"datePublished\":\"2024-02-23T17:12:00+00:00\",\"dateModified\":\"2025-08-26T14:46:45+00:00\",\"mainEntityOfPage\":{\"@id\":\"https:\\\/\\\/www.cyberguardian.tech\\\/blog\\\/cyber-guardian-en-evento-ecosistemas-de-ciberseguridad-en-madrid\\\/\"},\"wordCount\":328,\"image\":{\"@id\":\"https:\\\/\\\/www.cyberguardian.tech\\\/blog\\\/cyber-guardian-en-evento-ecosistemas-de-ciberseguridad-en-madrid\\\/#primaryimage\"},\"thumbnailUrl\":\"https:\\\/\\\/cyberguardian.tech\\\/blog\\\/wp-content\\\/uploads\\\/2024\\\/02\\\/imagen1.jpg?w=1024\",\"keywords\":[\"CEIM\",\"Cl\u00faster CyberMadrid\",\"Eventos\"],\"articleSection\":[\"Eventos\",\"Noticias Cyber\"],\"inLanguage\":\"es\"},{\"@type\":\"WebPage\",\"@id\":\"https:\\\/\\\/www.cyberguardian.tech\\\/blog\\\/cyber-guardian-en-evento-ecosistemas-de-ciberseguridad-en-madrid\\\/\",\"url\":\"https:\\\/\\\/www.cyberguardian.tech\\\/blog\\\/cyber-guardian-en-evento-ecosistemas-de-ciberseguridad-en-madrid\\\/\",\"name\":\"Cyber Guardian en evento \\\"Ecosistemas de Ciberseguridad en Madrid\\\" - Cyber Guardian - Blog\",\"isPartOf\":{\"@id\":\"https:\\\/\\\/www.cyberguardian.tech\\\/blog\\\/#website\"},\"primaryImageOfPage\":{\"@id\":\"https:\\\/\\\/www.cyberguardian.tech\\\/blog\\\/cyber-guardian-en-evento-ecosistemas-de-ciberseguridad-en-madrid\\\/#primaryimage\"},\"image\":{\"@id\":\"https:\\\/\\\/www.cyberguardian.tech\\\/blog\\\/cyber-guardian-en-evento-ecosistemas-de-ciberseguridad-en-madrid\\\/#primaryimage\"},\"thumbnailUrl\":\"https:\\\/\\\/cyberguardian.tech\\\/blog\\\/wp-content\\\/uploads\\\/2024\\\/02\\\/imagen1.jpg?w=1024\",\"datePublished\":\"2024-02-23T17:12:00+00:00\",\"dateModified\":\"2025-08-26T14:46:45+00:00\",\"author\":{\"@id\":\"https:\\\/\\\/www.cyberguardian.tech\\\/blog\\\/#\\\/schema\\\/person\\\/a3ed9f985851939bf7cef30f1017d93c\"},\"breadcrumb\":{\"@id\":\"https:\\\/\\\/www.cyberguardian.tech\\\/blog\\\/cyber-guardian-en-evento-ecosistemas-de-ciberseguridad-en-madrid\\\/#breadcrumb\"},\"inLanguage\":\"es\",\"potentialAction\":[{\"@type\":\"ReadAction\",\"target\":[\"https:\\\/\\\/www.cyberguardian.tech\\\/blog\\\/cyber-guardian-en-evento-ecosistemas-de-ciberseguridad-en-madrid\\\/\"]}]},{\"@type\":\"ImageObject\",\"inLanguage\":\"es\",\"@id\":\"https:\\\/\\\/www.cyberguardian.tech\\\/blog\\\/cyber-guardian-en-evento-ecosistemas-de-ciberseguridad-en-madrid\\\/#primaryimage\",\"url\":\"https:\\\/\\\/cyberguardian.tech\\\/blog\\\/wp-content\\\/uploads\\\/2024\\\/02\\\/imagen1.jpg?w=1024\",\"contentUrl\":\"https:\\\/\\\/cyberguardian.tech\\\/blog\\\/wp-content\\\/uploads\\\/2024\\\/02\\\/imagen1.jpg?w=1024\"},{\"@type\":\"BreadcrumbList\",\"@id\":\"https:\\\/\\\/www.cyberguardian.tech\\\/blog\\\/cyber-guardian-en-evento-ecosistemas-de-ciberseguridad-en-madrid\\\/#breadcrumb\",\"itemListElement\":[{\"@type\":\"ListItem\",\"position\":1,\"name\":\"Portada\",\"item\":\"https:\\\/\\\/www.cyberguardian.tech\\\/blog\\\/\"},{\"@type\":\"ListItem\",\"position\":2,\"name\":\"Cyber Guardian en evento \u00abEcosistemas de Ciberseguridad en Madrid\u00bb\"}]},{\"@type\":\"WebSite\",\"@id\":\"https:\\\/\\\/www.cyberguardian.tech\\\/blog\\\/#website\",\"url\":\"https:\\\/\\\/www.cyberguardian.tech\\\/blog\\\/\",\"name\":\"Cyber Guardian - Blog\",\"description\":\"Blog sobre ciberseguridad para peque\u00f1as y medianas empresas f\u00e1cil de entender tambi\u00e9n para usuarios no t\u00e9cnicos.\",\"potentialAction\":[{\"@type\":\"SearchAction\",\"target\":{\"@type\":\"EntryPoint\",\"urlTemplate\":\"https:\\\/\\\/www.cyberguardian.tech\\\/blog\\\/?s={search_term_string}\"},\"query-input\":{\"@type\":\"PropertyValueSpecification\",\"valueRequired\":true,\"valueName\":\"search_term_string\"}}],\"inLanguage\":\"es\"},{\"@type\":\"Person\",\"@id\":\"https:\\\/\\\/www.cyberguardian.tech\\\/blog\\\/#\\\/schema\\\/person\\\/a3ed9f985851939bf7cef30f1017d93c\",\"name\":\"Cyber Guardian\",\"image\":{\"@type\":\"ImageObject\",\"inLanguage\":\"es\",\"@id\":\"https:\\\/\\\/secure.gravatar.com\\\/avatar\\\/8f120ab25b7fcac0c91b7b5d2970930a6a93112558b277a8b8353f8bbad0b82a?s=96&d=mm&r=g\",\"url\":\"https:\\\/\\\/secure.gravatar.com\\\/avatar\\\/8f120ab25b7fcac0c91b7b5d2970930a6a93112558b277a8b8353f8bbad0b82a?s=96&d=mm&r=g\",\"contentUrl\":\"https:\\\/\\\/secure.gravatar.com\\\/avatar\\\/8f120ab25b7fcac0c91b7b5d2970930a6a93112558b277a8b8353f8bbad0b82a?s=96&d=mm&r=g\",\"caption\":\"Cyber Guardian\"},\"sameAs\":[\"https:\\\/\\\/cyberguardian.tech\"],\"url\":\"https:\\\/\\\/www.cyberguardian.tech\\\/blog\\\/author\\\/cyberguardian\\\/\"}]}<\/script>\n<!-- \/ Yoast SEO plugin. -->","yoast_head_json":{"title":"Cyber Guardian en evento \"Ecosistemas de Ciberseguridad en Madrid\" - Cyber Guardian - Blog","robots":{"index":"index","follow":"follow","max-snippet":"max-snippet:-1","max-image-preview":"max-image-preview:large","max-video-preview":"max-video-preview:-1"},"canonical":"https:\/\/www.cyberguardian.tech\/blog\/cyber-guardian-en-evento-ecosistemas-de-ciberseguridad-en-madrid\/","og_locale":"es_ES","og_type":"article","og_title":"Cyber Guardian en evento \"Ecosistemas de Ciberseguridad en Madrid\" - Cyber Guardian - Blog","og_description":"El pasado viernes 23 de Febrero estuvimos en el evento \u201cEcosistemas de Ciberseguridad en Madrid\u201d una jornada sobre ciberseguridad en CEIM &#8211; Confederaci\u00f3n Empresarial de Madrid-CEOE donde las principales empresas del sector de Ciberseguridad compartimos nuestra visi\u00f3n sobre la situaci\u00f3n del sector en&nbsp;Madrid, los retos existentes y diferentes propuestas para abordarlos. Nuestro Director General, Alexis &hellip; Continuar leyendo \"Cyber Guardian en evento \u00abEcosistemas de Ciberseguridad en Madrid\u00bb\"","og_url":"https:\/\/www.cyberguardian.tech\/blog\/cyber-guardian-en-evento-ecosistemas-de-ciberseguridad-en-madrid\/","og_site_name":"Cyber Guardian - Blog","article_published_time":"2024-02-23T17:12:00+00:00","article_modified_time":"2025-08-26T14:46:45+00:00","og_image":[{"url":"https:\/\/cyberguardian.tech\/blog\/wp-content\/uploads\/2024\/02\/imagen1.jpg?w=1024","type":"","width":"","height":""}],"author":"Cyber Guardian","twitter_card":"summary_large_image","twitter_misc":{"Escrito por":"Cyber Guardian","Tiempo de lectura":"3 minutos"},"schema":{"@context":"https:\/\/schema.org","@graph":[{"@type":"Article","@id":"https:\/\/www.cyberguardian.tech\/blog\/cyber-guardian-en-evento-ecosistemas-de-ciberseguridad-en-madrid\/#article","isPartOf":{"@id":"https:\/\/www.cyberguardian.tech\/blog\/cyber-guardian-en-evento-ecosistemas-de-ciberseguridad-en-madrid\/"},"author":{"name":"Cyber Guardian","@id":"https:\/\/www.cyberguardian.tech\/blog\/#\/schema\/person\/a3ed9f985851939bf7cef30f1017d93c"},"headline":"Cyber Guardian en evento \u00abEcosistemas de Ciberseguridad en Madrid\u00bb","datePublished":"2024-02-23T17:12:00+00:00","dateModified":"2025-08-26T14:46:45+00:00","mainEntityOfPage":{"@id":"https:\/\/www.cyberguardian.tech\/blog\/cyber-guardian-en-evento-ecosistemas-de-ciberseguridad-en-madrid\/"},"wordCount":328,"image":{"@id":"https:\/\/www.cyberguardian.tech\/blog\/cyber-guardian-en-evento-ecosistemas-de-ciberseguridad-en-madrid\/#primaryimage"},"thumbnailUrl":"https:\/\/cyberguardian.tech\/blog\/wp-content\/uploads\/2024\/02\/imagen1.jpg?w=1024","keywords":["CEIM","Cl\u00faster CyberMadrid","Eventos"],"articleSection":["Eventos","Noticias Cyber"],"inLanguage":"es"},{"@type":"WebPage","@id":"https:\/\/www.cyberguardian.tech\/blog\/cyber-guardian-en-evento-ecosistemas-de-ciberseguridad-en-madrid\/","url":"https:\/\/www.cyberguardian.tech\/blog\/cyber-guardian-en-evento-ecosistemas-de-ciberseguridad-en-madrid\/","name":"Cyber Guardian en evento \"Ecosistemas de Ciberseguridad en Madrid\" - Cyber Guardian - Blog","isPartOf":{"@id":"https:\/\/www.cyberguardian.tech\/blog\/#website"},"primaryImageOfPage":{"@id":"https:\/\/www.cyberguardian.tech\/blog\/cyber-guardian-en-evento-ecosistemas-de-ciberseguridad-en-madrid\/#primaryimage"},"image":{"@id":"https:\/\/www.cyberguardian.tech\/blog\/cyber-guardian-en-evento-ecosistemas-de-ciberseguridad-en-madrid\/#primaryimage"},"thumbnailUrl":"https:\/\/cyberguardian.tech\/blog\/wp-content\/uploads\/2024\/02\/imagen1.jpg?w=1024","datePublished":"2024-02-23T17:12:00+00:00","dateModified":"2025-08-26T14:46:45+00:00","author":{"@id":"https:\/\/www.cyberguardian.tech\/blog\/#\/schema\/person\/a3ed9f985851939bf7cef30f1017d93c"},"breadcrumb":{"@id":"https:\/\/www.cyberguardian.tech\/blog\/cyber-guardian-en-evento-ecosistemas-de-ciberseguridad-en-madrid\/#breadcrumb"},"inLanguage":"es","potentialAction":[{"@type":"ReadAction","target":["https:\/\/www.cyberguardian.tech\/blog\/cyber-guardian-en-evento-ecosistemas-de-ciberseguridad-en-madrid\/"]}]},{"@type":"ImageObject","inLanguage":"es","@id":"https:\/\/www.cyberguardian.tech\/blog\/cyber-guardian-en-evento-ecosistemas-de-ciberseguridad-en-madrid\/#primaryimage","url":"https:\/\/cyberguardian.tech\/blog\/wp-content\/uploads\/2024\/02\/imagen1.jpg?w=1024","contentUrl":"https:\/\/cyberguardian.tech\/blog\/wp-content\/uploads\/2024\/02\/imagen1.jpg?w=1024"},{"@type":"BreadcrumbList","@id":"https:\/\/www.cyberguardian.tech\/blog\/cyber-guardian-en-evento-ecosistemas-de-ciberseguridad-en-madrid\/#breadcrumb","itemListElement":[{"@type":"ListItem","position":1,"name":"Portada","item":"https:\/\/www.cyberguardian.tech\/blog\/"},{"@type":"ListItem","position":2,"name":"Cyber Guardian en evento \u00abEcosistemas de Ciberseguridad en Madrid\u00bb"}]},{"@type":"WebSite","@id":"https:\/\/www.cyberguardian.tech\/blog\/#website","url":"https:\/\/www.cyberguardian.tech\/blog\/","name":"Cyber Guardian - Blog","description":"Blog sobre ciberseguridad para peque\u00f1as y medianas empresas f\u00e1cil de entender tambi\u00e9n para usuarios no t\u00e9cnicos.","potentialAction":[{"@type":"SearchAction","target":{"@type":"EntryPoint","urlTemplate":"https:\/\/www.cyberguardian.tech\/blog\/?s={search_term_string}"},"query-input":{"@type":"PropertyValueSpecification","valueRequired":true,"valueName":"search_term_string"}}],"inLanguage":"es"},{"@type":"Person","@id":"https:\/\/www.cyberguardian.tech\/blog\/#\/schema\/person\/a3ed9f985851939bf7cef30f1017d93c","name":"Cyber Guardian","image":{"@type":"ImageObject","inLanguage":"es","@id":"https:\/\/secure.gravatar.com\/avatar\/8f120ab25b7fcac0c91b7b5d2970930a6a93112558b277a8b8353f8bbad0b82a?s=96&d=mm&r=g","url":"https:\/\/secure.gravatar.com\/avatar\/8f120ab25b7fcac0c91b7b5d2970930a6a93112558b277a8b8353f8bbad0b82a?s=96&d=mm&r=g","contentUrl":"https:\/\/secure.gravatar.com\/avatar\/8f120ab25b7fcac0c91b7b5d2970930a6a93112558b277a8b8353f8bbad0b82a?s=96&d=mm&r=g","caption":"Cyber Guardian"},"sameAs":["https:\/\/cyberguardian.tech"],"url":"https:\/\/www.cyberguardian.tech\/blog\/author\/cyberguardian\/"}]}},"jetpack_featured_media_url":"","jetpack_sharing_enabled":true,"jetpack-related-posts":[{"id":267,"url":"https:\/\/www.cyberguardian.tech\/blog\/cyber-guardian-en-el-i-congreso-de-ciberseguridad-para-pymes\/","url_meta":{"origin":190,"position":0},"title":"Cyber Guardian en el I Congreso de Ciberseguridad para pymes","author":"Cyber Guardian","date":"16 de diciembre de 2022","format":false,"excerpt":"Esta semana Cyber Guardian estuvo en el I Congreso de Ciberseguridad para PYMES en Madrid, organizado conjuntamente por ISMS Forum\u00a0y\u00a0Cluster CyberMadrid. Nuestro responsable global Jose Antonio Castro habl\u00f3 del contexto actual de las amenazas de ciberseguridad donde las PYMES son las m\u00e1s vulnerables. \"Las peque\u00f1as y medianas empresas viven tres\u2026","rel":"","context":"En \u00abEventos\u00bb","block_context":{"text":"Eventos","link":"https:\/\/www.cyberguardian.tech\/blog\/category\/eventos\/"},"img":{"alt_text":"Congreso Ciberseguridad Pymes","src":"https:\/\/i0.wp.com\/www.cyberguardian.tech\/blog\/wp-content\/uploads\/336c12f8fe3e08d6.png?resize=350%2C200&ssl=1","width":350,"height":200,"srcset":"https:\/\/i0.wp.com\/www.cyberguardian.tech\/blog\/wp-content\/uploads\/336c12f8fe3e08d6.png?resize=350%2C200&ssl=1 1x, https:\/\/i0.wp.com\/www.cyberguardian.tech\/blog\/wp-content\/uploads\/336c12f8fe3e08d6.png?resize=525%2C300&ssl=1 1.5x, https:\/\/i0.wp.com\/www.cyberguardian.tech\/blog\/wp-content\/uploads\/336c12f8fe3e08d6.png?resize=700%2C400&ssl=1 2x"},"classes":[]},{"id":674,"url":"https:\/\/www.cyberguardian.tech\/blog\/cyber-guardian-en-el-cyberinsurance-day\/","url_meta":{"origin":190,"position":1},"title":"Cyber Guardian en el Cyber Insurance Day 2024","author":"Cyber Guardian","date":"28 de junio de 2024","format":false,"excerpt":"El pasado mi\u00e9rcoles 26 de junio estuvimos en la V Edici\u00f3n de\u00a0Cyber Insurance Day,\u00a0\u00fanico\u00a0evento\u00a0en Espa\u00f1a que fusiona a los sectores de la ciberseguridad y los seguros, y que reuni\u00f3 a expertos en ciberseguros, aseguradoras, mediadores, soluciones de ciberseguridad, y entidades p\u00fablicas. Nuestro Director General, Alexis Alonso particip\u00f3 en la primera\u2026","rel":"","context":"En \u00abEventos\u00bb","block_context":{"text":"Eventos","link":"https:\/\/www.cyberguardian.tech\/blog\/category\/eventos\/"},"img":{"alt_text":"Cyber Insurance Day","src":"https:\/\/i0.wp.com\/www.cyberguardian.tech\/blog\/wp-content\/uploads\/2024\/07\/202406_CyberInsuranceDay_1.png?resize=350%2C200&ssl=1","width":350,"height":200,"srcset":"https:\/\/i0.wp.com\/www.cyberguardian.tech\/blog\/wp-content\/uploads\/2024\/07\/202406_CyberInsuranceDay_1.png?resize=350%2C200&ssl=1 1x, https:\/\/i0.wp.com\/www.cyberguardian.tech\/blog\/wp-content\/uploads\/2024\/07\/202406_CyberInsuranceDay_1.png?resize=525%2C300&ssl=1 1.5x, https:\/\/i0.wp.com\/www.cyberguardian.tech\/blog\/wp-content\/uploads\/2024\/07\/202406_CyberInsuranceDay_1.png?resize=700%2C400&ssl=1 2x, https:\/\/i0.wp.com\/www.cyberguardian.tech\/blog\/wp-content\/uploads\/2024\/07\/202406_CyberInsuranceDay_1.png?resize=1050%2C600&ssl=1 3x"},"classes":[]},{"id":182,"url":"https:\/\/www.cyberguardian.tech\/blog\/cyber-guardian-en-el-cyber-insurance-day\/","url_meta":{"origin":190,"position":2},"title":"Cyber Guardian en el Cyber Insurance Day 2023","author":"Cyber Guardian","date":"24 de noviembre de 2023","format":false,"excerpt":"El pasado 22 de noviembre asistimos al Cyber Insurance Day. Cerca de 200 personas asistieron a este congreso enfocado en ciberseguridad y ciberseguros que subray\u00f3 la actual relevancia de varios aspectos cruciales relacionados con la seguridad empresarial. Nuestro Director General Jos\u00e9 Antonio Castro ofreci\u00f3 una Keynote donde present\u00f3 la plataforma\u2026","rel":"","context":"En \u00abEventos\u00bb","block_context":{"text":"Eventos","link":"https:\/\/www.cyberguardian.tech\/blog\/category\/eventos\/"},"img":{"alt_text":"Cyber Insurance Day","src":"https:\/\/i0.wp.com\/www.cyberguardian.tech\/blog\/wp-content\/uploads\/2024\/02\/cyber-insurance-day-3.png?resize=350%2C200&ssl=1","width":350,"height":200,"srcset":"https:\/\/i0.wp.com\/www.cyberguardian.tech\/blog\/wp-content\/uploads\/2024\/02\/cyber-insurance-day-3.png?resize=350%2C200&ssl=1 1x, https:\/\/i0.wp.com\/www.cyberguardian.tech\/blog\/wp-content\/uploads\/2024\/02\/cyber-insurance-day-3.png?resize=525%2C300&ssl=1 1.5x, https:\/\/i0.wp.com\/www.cyberguardian.tech\/blog\/wp-content\/uploads\/2024\/02\/cyber-insurance-day-3.png?resize=700%2C400&ssl=1 2x"},"classes":[]},{"id":187,"url":"https:\/\/www.cyberguardian.tech\/blog\/cyber-guardian-en-el-i-cybersecurity-healthcare-pharma-congress\/","url_meta":{"origin":190,"position":3},"title":"Cyber Guardian en el I CyberSecurity HealthCare &amp; Pharma Congress.","author":"Cyber Guardian","date":"30 de noviembre de 2023","format":false,"excerpt":"El pasado 23 de Noviembre participamos en el I CyberSecurity HealthCare & Pharma Congress, organizado por el Cl\u00faster CyberMadrid y Cl\u00faster Mad e-Health para apoyar desde la ciberseguridad al sector salud. La ciberseguridad constituye una cuesti\u00f3n de m\u00e1xima relevancia para el sector de la salud por la enorme superficie de\u2026","rel":"","context":"En \u00abEventos\u00bb","block_context":{"text":"Eventos","link":"https:\/\/www.cyberguardian.tech\/blog\/category\/eventos\/"},"img":{"alt_text":"","src":"https:\/\/i0.wp.com\/img.youtube.com\/vi\/sC8lbGo0TkM\/0.jpg?resize=350%2C200","width":350,"height":200},"classes":[]},{"id":13,"url":"https:\/\/www.cyberguardian.tech\/blog\/cyber-guardian-en-el-des-2022\/","url_meta":{"origin":190,"position":4},"title":"Cyber Guardian en el DES 2022","author":"Cyber Guardian","date":"20 de junio de 2022","format":false,"excerpt":"La semana pasada Cyber Guardian estuvo junto a Banco Santander, en el DES | Digital Enterprise Show 2022, el evento tecnol\u00f3gico l\u00edder a nivel global dedicado a la transformaci\u00f3n digital donde tuvimos la oportunidad de presentar Cyber Guardian a multitud de empresas que se acercaron por el stand de Banco\u2026","rel":"","context":"En \u00abEventos\u00bb","block_context":{"text":"Eventos","link":"https:\/\/www.cyberguardian.tech\/blog\/category\/eventos\/"},"img":{"alt_text":"Ciberseguridad DES 2022","src":"https:\/\/i0.wp.com\/www.cyberguardian.tech\/blog\/wp-content\/uploads\/52c6d3e6b4c0a389.png?resize=350%2C200&ssl=1","width":350,"height":200,"srcset":"https:\/\/i0.wp.com\/www.cyberguardian.tech\/blog\/wp-content\/uploads\/52c6d3e6b4c0a389.png?resize=350%2C200&ssl=1 1x, https:\/\/i0.wp.com\/www.cyberguardian.tech\/blog\/wp-content\/uploads\/52c6d3e6b4c0a389.png?resize=525%2C300&ssl=1 1.5x, https:\/\/i0.wp.com\/www.cyberguardian.tech\/blog\/wp-content\/uploads\/52c6d3e6b4c0a389.png?resize=700%2C400&ssl=1 2x"},"classes":[]},{"id":174,"url":"https:\/\/www.cyberguardian.tech\/blog\/la-plataforma-cyber-guardian-premiada-en-los-premios-sic-2023\/","url_meta":{"origin":190,"position":5},"title":"\u00a1La plataforma Cyber Guardian premiada en los premios SIC!","author":"Cyber Guardian","date":"27 de octubre de 2023","format":false,"excerpt":"\u00a1Estamos de enhorabuena! El pasado 25 de octubre durante la cena de la ciberseguridad 2023 que organiz\u00f3 la revista SIC para reunir a los profesionales y a las compa\u00f1\u00edas y organizaciones del sector de la Ciberseguridad, se hicieron entrega de los XIX Premios SIC, y \u00a1Cyber Guardian fue galardonado con\u2026","rel":"","context":"En \u00abEventos\u00bb","block_context":{"text":"Eventos","link":"https:\/\/www.cyberguardian.tech\/blog\/category\/eventos\/"},"img":{"alt_text":"","src":"https:\/\/i0.wp.com\/www.cyberguardian.tech\/blog\/wp-content\/uploads\/2024\/02\/premio-sic-1-1.png?resize=350%2C200&ssl=1","width":350,"height":200,"srcset":"https:\/\/i0.wp.com\/www.cyberguardian.tech\/blog\/wp-content\/uploads\/2024\/02\/premio-sic-1-1.png?resize=350%2C200&ssl=1 1x, https:\/\/i0.wp.com\/www.cyberguardian.tech\/blog\/wp-content\/uploads\/2024\/02\/premio-sic-1-1.png?resize=525%2C300&ssl=1 1.5x, https:\/\/i0.wp.com\/www.cyberguardian.tech\/blog\/wp-content\/uploads\/2024\/02\/premio-sic-1-1.png?resize=700%2C400&ssl=1 2x, https:\/\/i0.wp.com\/www.cyberguardian.tech\/blog\/wp-content\/uploads\/2024\/02\/premio-sic-1-1.png?resize=1050%2C600&ssl=1 3x, https:\/\/i0.wp.com\/www.cyberguardian.tech\/blog\/wp-content\/uploads\/2024\/02\/premio-sic-1-1.png?resize=1400%2C800&ssl=1 4x"},"classes":[]}],"_links":{"self":[{"href":"https:\/\/www.cyberguardian.tech\/blog\/wp-json\/wp\/v2\/posts\/190","targetHints":{"allow":["GET"]}}],"collection":[{"href":"https:\/\/www.cyberguardian.tech\/blog\/wp-json\/wp\/v2\/posts"}],"about":[{"href":"https:\/\/www.cyberguardian.tech\/blog\/wp-json\/wp\/v2\/types\/post"}],"author":[{"embeddable":true,"href":"https:\/\/www.cyberguardian.tech\/blog\/wp-json\/wp\/v2\/users\/6"}],"replies":[{"embeddable":true,"href":"https:\/\/www.cyberguardian.tech\/blog\/wp-json\/wp\/v2\/comments?post=190"}],"version-history":[{"count":1,"href":"https:\/\/www.cyberguardian.tech\/blog\/wp-json\/wp\/v2\/posts\/190\/revisions"}],"predecessor-version":[{"id":1231,"href":"https:\/\/www.cyberguardian.tech\/blog\/wp-json\/wp\/v2\/posts\/190\/revisions\/1231"}],"wp:attachment":[{"href":"https:\/\/www.cyberguardian.tech\/blog\/wp-json\/wp\/v2\/media?parent=190"}],"wp:term":[{"taxonomy":"category","embeddable":true,"href":"https:\/\/www.cyberguardian.tech\/blog\/wp-json\/wp\/v2\/categories?post=190"},{"taxonomy":"post_tag","embeddable":true,"href":"https:\/\/www.cyberguardian.tech\/blog\/wp-json\/wp\/v2\/tags?post=190"}],"curies":[{"name":"wp","href":"https:\/\/api.w.org\/{rel}","templated":true}]}}