{"id":267,"date":"2022-12-16T11:29:00","date_gmt":"2022-12-16T10:29:00","guid":{"rendered":"https:\/\/blog.cyberguardian.tech\/?p=267"},"modified":"2026-02-19T09:53:13","modified_gmt":"2026-02-19T09:53:13","slug":"cyber-guardian-en-el-i-congreso-de-ciberseguridad-para-pymes","status":"publish","type":"post","link":"https:\/\/www.cyberguardian.tech\/blog\/cyber-guardian-en-el-i-congreso-de-ciberseguridad-para-pymes\/","title":{"rendered":"Cyber Guardian en el I Congreso de Ciberseguridad para pymes"},"content":{"rendered":"\n<p>Esta semana <a href=\"https:\/\/www.cyberguardian.tech\/\" target=\"_blank\" rel=\"noreferrer noopener\">Cyber Guardian<\/a> estuvo en el <strong>I Congreso de Ciberseguridad para PYMES en Madrid<\/strong>, organizado conjuntamente por <a href=\"https:\/\/www.linkedin.com\/company\/ismsforum\/\" target=\"_blank\" rel=\"noreferrer noopener\">ISMS Forum<\/a>&nbsp;y&nbsp;<a href=\"https:\/\/www.linkedin.com\/company\/clustercybermadrid\/\" target=\"_blank\" rel=\"noreferrer noopener\">Cluster CyberMadrid<\/a>.<\/p>\n\n\n\n<p>Nuestro responsable global Jose Antonio Castro habl\u00f3 del <strong>contexto actual de las amenazas de ciberseguridad donde <a href=\"https:\/\/www.cyberguardian.tech\/blog\/cyber-guardian-la-ciberseguridad-profesional-sin-complicaciones-para-pymes\/\" target=\"_blank\" rel=\"noreferrer noopener\">las PYMES son las m\u00e1s vulnerables<\/a><\/strong>.<\/p>\n\n\n\n<p>\u00abLas peque\u00f1as y medianas empresas viven tres realidades fundamentales por las que la ciberseguridad ya se considera imprescindible en sus negocios y que est\u00e1n creando la tormenta perfecta para los ciberdelincuentes: la tendencia de la transformaci\u00f3n digital, el crecimiento exponencial del negocio de la ciberdelincuencia y el bajo grado de concienciaci\u00f3n de las pymes.\u00bb<br><br>\u00abLa digitalizaci\u00f3n es ya una asignatura obligatoria para las empresas, un reto a nivel internacional que ha creado mucho m\u00e1s tr\u00e1fico en Internet y, en consecuencia, una mayor dependencia de los datos. En esta l\u00ednea, los hackers tienen como objetivo principal el robo de los mismos (sobre todo a las pymes, que encima no se consideran foco de los ataques), una gesti\u00f3n cada vez m\u00e1s sofisticada y com\u00fan que ya reporta 5 euros por cada uno invertido. Por todo esto, las pymes deben implementar soluciones efectivas y seguir actualiz\u00e1ndose en materia de ciberseguridad de la mano de expertos\u201d<br><br><\/p>\n\n\n\n<figure class=\"wp-block-image size-full\"><img loading=\"lazy\" decoding=\"async\" width=\"1008\" height=\"668\" src=\"https:\/\/cyberguardian.tech\/blog\/wp-content\/uploads\/336c12f8fe3e08d6.png\" alt=\"\" class=\"wp-image-1255\" srcset=\"https:\/\/www.cyberguardian.tech\/blog\/wp-content\/uploads\/336c12f8fe3e08d6.png 1008w, https:\/\/www.cyberguardian.tech\/blog\/wp-content\/uploads\/336c12f8fe3e08d6-300x199.png 300w, https:\/\/www.cyberguardian.tech\/blog\/wp-content\/uploads\/336c12f8fe3e08d6-768x509.png 768w\" sizes=\"auto, (max-width: 709px) 85vw, (max-width: 909px) 67vw, (max-width: 1362px) 62vw, 840px\" \/><\/figure>\n\n\n\n<p>Puedes ver aqu\u00ed m\u00e1s informaci\u00f3n sobre el <a href=\"https:\/\/www.cybermadrid.org\/evento\/24\/i-congreso-de-ciberseguridad-para-pymes\/\" target=\"_blank\" rel=\"noreferrer noopener\">evento <\/a>I Congreso de Ciberseguridad para pymes 2022.<\/p>\n","protected":false},"excerpt":{"rendered":"<p>Esta semana Cyber Guardian estuvo en el I Congreso de Ciberseguridad para PYMES en Madrid, organizado conjuntamente por ISMS Forum&nbsp;y&nbsp;Cluster CyberMadrid. Nuestro responsable global Jose Antonio Castro habl\u00f3 del contexto actual de las amenazas de ciberseguridad donde las PYMES son las m\u00e1s vulnerables. \u00abLas peque\u00f1as y medianas empresas viven tres realidades fundamentales por las que &hellip; <a href=\"https:\/\/www.cyberguardian.tech\/blog\/cyber-guardian-en-el-i-congreso-de-ciberseguridad-para-pymes\/\" class=\"more-link\">Continuar leyendo<span class=\"screen-reader-text\"> \u00abCyber Guardian en el I Congreso de Ciberseguridad para pymes\u00bb<\/span><\/a><\/p>\n","protected":false},"author":6,"featured_media":0,"comment_status":"closed","ping_status":"closed","sticky":false,"template":"","format":"standard","meta":{"_jetpack_memberships_contains_paid_content":false,"footnotes":""},"categories":[4],"tags":[18,5,21],"class_list":["post-267","post","type-post","status-publish","format-standard","hentry","category-eventos","tag-cluster-cybermadrid","tag-eventos","tag-isms-forum"],"yoast_head":"<!-- This site is optimized with the Yoast SEO plugin v27.5 - https:\/\/yoast.com\/product\/yoast-seo-wordpress\/ -->\n<title>Cyber Guardian en el I Congreso de Ciberseguridad para pymes<\/title>\n<meta name=\"description\" content=\"Cyber Guardian estuvo en el I Congreso de Ciberseguridad para PYMES en Madrid, organizado conjuntamente por ISMS Forum\u00a0y\u00a0Cluster CyberMadrid.\" \/>\n<meta name=\"robots\" content=\"index, follow, max-snippet:-1, max-image-preview:large, max-video-preview:-1\" \/>\n<link rel=\"canonical\" href=\"https:\/\/www.cyberguardian.tech\/blog\/cyber-guardian-en-el-i-congreso-de-ciberseguridad-para-pymes\/\" \/>\n<meta property=\"og:locale\" content=\"es_ES\" \/>\n<meta property=\"og:type\" content=\"article\" \/>\n<meta property=\"og:title\" content=\"Cyber Guardian en el I Congreso de Ciberseguridad para pymes\" \/>\n<meta property=\"og:description\" content=\"Cyber Guardian estuvo en el I Congreso de Ciberseguridad para PYMES en Madrid, organizado conjuntamente por ISMS Forum\u00a0y\u00a0Cluster CyberMadrid.\" \/>\n<meta property=\"og:url\" content=\"https:\/\/www.cyberguardian.tech\/blog\/cyber-guardian-en-el-i-congreso-de-ciberseguridad-para-pymes\/\" \/>\n<meta property=\"og:site_name\" content=\"Cyber Guardian - Blog\" \/>\n<meta property=\"article:published_time\" content=\"2022-12-16T10:29:00+00:00\" \/>\n<meta property=\"article:modified_time\" content=\"2026-02-19T09:53:13+00:00\" \/>\n<meta property=\"og:image\" content=\"https:\/\/www.cyberguardian.tech\/blog\/wp-content\/uploads\/336c12f8fe3e08d6.png\" \/>\n\t<meta property=\"og:image:width\" content=\"1008\" \/>\n\t<meta property=\"og:image:height\" content=\"668\" \/>\n\t<meta property=\"og:image:type\" content=\"image\/png\" \/>\n<meta name=\"author\" content=\"Cyber Guardian\" \/>\n<meta name=\"twitter:card\" content=\"summary_large_image\" \/>\n<meta name=\"twitter:label1\" content=\"Escrito por\" \/>\n\t<meta name=\"twitter:data1\" content=\"Cyber Guardian\" \/>\n\t<meta name=\"twitter:label2\" content=\"Tiempo de lectura\" \/>\n\t<meta name=\"twitter:data2\" content=\"2 minutos\" \/>\n<script type=\"application\/ld+json\" class=\"yoast-schema-graph\">{\"@context\":\"https:\\\/\\\/schema.org\",\"@graph\":[{\"@type\":\"Article\",\"@id\":\"https:\\\/\\\/www.cyberguardian.tech\\\/blog\\\/cyber-guardian-en-el-i-congreso-de-ciberseguridad-para-pymes\\\/#article\",\"isPartOf\":{\"@id\":\"https:\\\/\\\/www.cyberguardian.tech\\\/blog\\\/cyber-guardian-en-el-i-congreso-de-ciberseguridad-para-pymes\\\/\"},\"author\":{\"name\":\"Cyber Guardian\",\"@id\":\"https:\\\/\\\/www.cyberguardian.tech\\\/blog\\\/#\\\/schema\\\/person\\\/a3ed9f985851939bf7cef30f1017d93c\"},\"headline\":\"Cyber Guardian en el I Congreso de Ciberseguridad para pymes\",\"datePublished\":\"2022-12-16T10:29:00+00:00\",\"dateModified\":\"2026-02-19T09:53:13+00:00\",\"mainEntityOfPage\":{\"@id\":\"https:\\\/\\\/www.cyberguardian.tech\\\/blog\\\/cyber-guardian-en-el-i-congreso-de-ciberseguridad-para-pymes\\\/\"},\"wordCount\":237,\"image\":{\"@id\":\"https:\\\/\\\/www.cyberguardian.tech\\\/blog\\\/cyber-guardian-en-el-i-congreso-de-ciberseguridad-para-pymes\\\/#primaryimage\"},\"thumbnailUrl\":\"https:\\\/\\\/cyberguardian.tech\\\/blog\\\/wp-content\\\/uploads\\\/336c12f8fe3e08d6.png\",\"keywords\":[\"Cl\u00faster CyberMadrid\",\"Eventos\",\"ISMS Forum\"],\"articleSection\":[\"Eventos\"],\"inLanguage\":\"es\"},{\"@type\":\"WebPage\",\"@id\":\"https:\\\/\\\/www.cyberguardian.tech\\\/blog\\\/cyber-guardian-en-el-i-congreso-de-ciberseguridad-para-pymes\\\/\",\"url\":\"https:\\\/\\\/www.cyberguardian.tech\\\/blog\\\/cyber-guardian-en-el-i-congreso-de-ciberseguridad-para-pymes\\\/\",\"name\":\"Cyber Guardian en el I Congreso de Ciberseguridad para pymes\",\"isPartOf\":{\"@id\":\"https:\\\/\\\/www.cyberguardian.tech\\\/blog\\\/#website\"},\"primaryImageOfPage\":{\"@id\":\"https:\\\/\\\/www.cyberguardian.tech\\\/blog\\\/cyber-guardian-en-el-i-congreso-de-ciberseguridad-para-pymes\\\/#primaryimage\"},\"image\":{\"@id\":\"https:\\\/\\\/www.cyberguardian.tech\\\/blog\\\/cyber-guardian-en-el-i-congreso-de-ciberseguridad-para-pymes\\\/#primaryimage\"},\"thumbnailUrl\":\"https:\\\/\\\/cyberguardian.tech\\\/blog\\\/wp-content\\\/uploads\\\/336c12f8fe3e08d6.png\",\"datePublished\":\"2022-12-16T10:29:00+00:00\",\"dateModified\":\"2026-02-19T09:53:13+00:00\",\"author\":{\"@id\":\"https:\\\/\\\/www.cyberguardian.tech\\\/blog\\\/#\\\/schema\\\/person\\\/a3ed9f985851939bf7cef30f1017d93c\"},\"description\":\"Cyber Guardian estuvo en el I Congreso de Ciberseguridad para PYMES en Madrid, organizado conjuntamente por ISMS Forum\u00a0y\u00a0Cluster CyberMadrid.\",\"breadcrumb\":{\"@id\":\"https:\\\/\\\/www.cyberguardian.tech\\\/blog\\\/cyber-guardian-en-el-i-congreso-de-ciberseguridad-para-pymes\\\/#breadcrumb\"},\"inLanguage\":\"es\",\"potentialAction\":[{\"@type\":\"ReadAction\",\"target\":[\"https:\\\/\\\/www.cyberguardian.tech\\\/blog\\\/cyber-guardian-en-el-i-congreso-de-ciberseguridad-para-pymes\\\/\"]}]},{\"@type\":\"ImageObject\",\"inLanguage\":\"es\",\"@id\":\"https:\\\/\\\/www.cyberguardian.tech\\\/blog\\\/cyber-guardian-en-el-i-congreso-de-ciberseguridad-para-pymes\\\/#primaryimage\",\"url\":\"https:\\\/\\\/cyberguardian.tech\\\/blog\\\/wp-content\\\/uploads\\\/336c12f8fe3e08d6.png\",\"contentUrl\":\"https:\\\/\\\/cyberguardian.tech\\\/blog\\\/wp-content\\\/uploads\\\/336c12f8fe3e08d6.png\"},{\"@type\":\"BreadcrumbList\",\"@id\":\"https:\\\/\\\/www.cyberguardian.tech\\\/blog\\\/cyber-guardian-en-el-i-congreso-de-ciberseguridad-para-pymes\\\/#breadcrumb\",\"itemListElement\":[{\"@type\":\"ListItem\",\"position\":1,\"name\":\"Portada\",\"item\":\"https:\\\/\\\/www.cyberguardian.tech\\\/blog\\\/\"},{\"@type\":\"ListItem\",\"position\":2,\"name\":\"Cyber Guardian en el I Congreso de Ciberseguridad para pymes\"}]},{\"@type\":\"WebSite\",\"@id\":\"https:\\\/\\\/www.cyberguardian.tech\\\/blog\\\/#website\",\"url\":\"https:\\\/\\\/www.cyberguardian.tech\\\/blog\\\/\",\"name\":\"Cyber Guardian - Blog\",\"description\":\"Blog sobre ciberseguridad para peque\u00f1as y medianas empresas f\u00e1cil de entender tambi\u00e9n para usuarios no t\u00e9cnicos.\",\"potentialAction\":[{\"@type\":\"SearchAction\",\"target\":{\"@type\":\"EntryPoint\",\"urlTemplate\":\"https:\\\/\\\/www.cyberguardian.tech\\\/blog\\\/?s={search_term_string}\"},\"query-input\":{\"@type\":\"PropertyValueSpecification\",\"valueRequired\":true,\"valueName\":\"search_term_string\"}}],\"inLanguage\":\"es\"},{\"@type\":\"Person\",\"@id\":\"https:\\\/\\\/www.cyberguardian.tech\\\/blog\\\/#\\\/schema\\\/person\\\/a3ed9f985851939bf7cef30f1017d93c\",\"name\":\"Cyber Guardian\",\"image\":{\"@type\":\"ImageObject\",\"inLanguage\":\"es\",\"@id\":\"https:\\\/\\\/secure.gravatar.com\\\/avatar\\\/8f120ab25b7fcac0c91b7b5d2970930a6a93112558b277a8b8353f8bbad0b82a?s=96&d=mm&r=g\",\"url\":\"https:\\\/\\\/secure.gravatar.com\\\/avatar\\\/8f120ab25b7fcac0c91b7b5d2970930a6a93112558b277a8b8353f8bbad0b82a?s=96&d=mm&r=g\",\"contentUrl\":\"https:\\\/\\\/secure.gravatar.com\\\/avatar\\\/8f120ab25b7fcac0c91b7b5d2970930a6a93112558b277a8b8353f8bbad0b82a?s=96&d=mm&r=g\",\"caption\":\"Cyber Guardian\"},\"sameAs\":[\"https:\\\/\\\/cyberguardian.tech\"],\"url\":\"https:\\\/\\\/www.cyberguardian.tech\\\/blog\\\/author\\\/cyberguardian\\\/\"}]}<\/script>\n<!-- \/ Yoast SEO plugin. -->","yoast_head_json":{"title":"Cyber Guardian en el I Congreso de Ciberseguridad para pymes","description":"Cyber Guardian estuvo en el I Congreso de Ciberseguridad para PYMES en Madrid, organizado conjuntamente por ISMS Forum\u00a0y\u00a0Cluster CyberMadrid.","robots":{"index":"index","follow":"follow","max-snippet":"max-snippet:-1","max-image-preview":"max-image-preview:large","max-video-preview":"max-video-preview:-1"},"canonical":"https:\/\/www.cyberguardian.tech\/blog\/cyber-guardian-en-el-i-congreso-de-ciberseguridad-para-pymes\/","og_locale":"es_ES","og_type":"article","og_title":"Cyber Guardian en el I Congreso de Ciberseguridad para pymes","og_description":"Cyber Guardian estuvo en el I Congreso de Ciberseguridad para PYMES en Madrid, organizado conjuntamente por ISMS Forum\u00a0y\u00a0Cluster CyberMadrid.","og_url":"https:\/\/www.cyberguardian.tech\/blog\/cyber-guardian-en-el-i-congreso-de-ciberseguridad-para-pymes\/","og_site_name":"Cyber Guardian - Blog","article_published_time":"2022-12-16T10:29:00+00:00","article_modified_time":"2026-02-19T09:53:13+00:00","og_image":[{"width":1008,"height":668,"url":"https:\/\/www.cyberguardian.tech\/blog\/wp-content\/uploads\/336c12f8fe3e08d6.png","type":"image\/png"}],"author":"Cyber Guardian","twitter_card":"summary_large_image","twitter_misc":{"Escrito por":"Cyber Guardian","Tiempo de lectura":"2 minutos"},"schema":{"@context":"https:\/\/schema.org","@graph":[{"@type":"Article","@id":"https:\/\/www.cyberguardian.tech\/blog\/cyber-guardian-en-el-i-congreso-de-ciberseguridad-para-pymes\/#article","isPartOf":{"@id":"https:\/\/www.cyberguardian.tech\/blog\/cyber-guardian-en-el-i-congreso-de-ciberseguridad-para-pymes\/"},"author":{"name":"Cyber Guardian","@id":"https:\/\/www.cyberguardian.tech\/blog\/#\/schema\/person\/a3ed9f985851939bf7cef30f1017d93c"},"headline":"Cyber Guardian en el I Congreso de Ciberseguridad para pymes","datePublished":"2022-12-16T10:29:00+00:00","dateModified":"2026-02-19T09:53:13+00:00","mainEntityOfPage":{"@id":"https:\/\/www.cyberguardian.tech\/blog\/cyber-guardian-en-el-i-congreso-de-ciberseguridad-para-pymes\/"},"wordCount":237,"image":{"@id":"https:\/\/www.cyberguardian.tech\/blog\/cyber-guardian-en-el-i-congreso-de-ciberseguridad-para-pymes\/#primaryimage"},"thumbnailUrl":"https:\/\/cyberguardian.tech\/blog\/wp-content\/uploads\/336c12f8fe3e08d6.png","keywords":["Cl\u00faster CyberMadrid","Eventos","ISMS Forum"],"articleSection":["Eventos"],"inLanguage":"es"},{"@type":"WebPage","@id":"https:\/\/www.cyberguardian.tech\/blog\/cyber-guardian-en-el-i-congreso-de-ciberseguridad-para-pymes\/","url":"https:\/\/www.cyberguardian.tech\/blog\/cyber-guardian-en-el-i-congreso-de-ciberseguridad-para-pymes\/","name":"Cyber Guardian en el I Congreso de Ciberseguridad para pymes","isPartOf":{"@id":"https:\/\/www.cyberguardian.tech\/blog\/#website"},"primaryImageOfPage":{"@id":"https:\/\/www.cyberguardian.tech\/blog\/cyber-guardian-en-el-i-congreso-de-ciberseguridad-para-pymes\/#primaryimage"},"image":{"@id":"https:\/\/www.cyberguardian.tech\/blog\/cyber-guardian-en-el-i-congreso-de-ciberseguridad-para-pymes\/#primaryimage"},"thumbnailUrl":"https:\/\/cyberguardian.tech\/blog\/wp-content\/uploads\/336c12f8fe3e08d6.png","datePublished":"2022-12-16T10:29:00+00:00","dateModified":"2026-02-19T09:53:13+00:00","author":{"@id":"https:\/\/www.cyberguardian.tech\/blog\/#\/schema\/person\/a3ed9f985851939bf7cef30f1017d93c"},"description":"Cyber Guardian estuvo en el I Congreso de Ciberseguridad para PYMES en Madrid, organizado conjuntamente por ISMS Forum\u00a0y\u00a0Cluster CyberMadrid.","breadcrumb":{"@id":"https:\/\/www.cyberguardian.tech\/blog\/cyber-guardian-en-el-i-congreso-de-ciberseguridad-para-pymes\/#breadcrumb"},"inLanguage":"es","potentialAction":[{"@type":"ReadAction","target":["https:\/\/www.cyberguardian.tech\/blog\/cyber-guardian-en-el-i-congreso-de-ciberseguridad-para-pymes\/"]}]},{"@type":"ImageObject","inLanguage":"es","@id":"https:\/\/www.cyberguardian.tech\/blog\/cyber-guardian-en-el-i-congreso-de-ciberseguridad-para-pymes\/#primaryimage","url":"https:\/\/cyberguardian.tech\/blog\/wp-content\/uploads\/336c12f8fe3e08d6.png","contentUrl":"https:\/\/cyberguardian.tech\/blog\/wp-content\/uploads\/336c12f8fe3e08d6.png"},{"@type":"BreadcrumbList","@id":"https:\/\/www.cyberguardian.tech\/blog\/cyber-guardian-en-el-i-congreso-de-ciberseguridad-para-pymes\/#breadcrumb","itemListElement":[{"@type":"ListItem","position":1,"name":"Portada","item":"https:\/\/www.cyberguardian.tech\/blog\/"},{"@type":"ListItem","position":2,"name":"Cyber Guardian en el I Congreso de Ciberseguridad para pymes"}]},{"@type":"WebSite","@id":"https:\/\/www.cyberguardian.tech\/blog\/#website","url":"https:\/\/www.cyberguardian.tech\/blog\/","name":"Cyber Guardian - Blog","description":"Blog sobre ciberseguridad para peque\u00f1as y medianas empresas f\u00e1cil de entender tambi\u00e9n para usuarios no t\u00e9cnicos.","potentialAction":[{"@type":"SearchAction","target":{"@type":"EntryPoint","urlTemplate":"https:\/\/www.cyberguardian.tech\/blog\/?s={search_term_string}"},"query-input":{"@type":"PropertyValueSpecification","valueRequired":true,"valueName":"search_term_string"}}],"inLanguage":"es"},{"@type":"Person","@id":"https:\/\/www.cyberguardian.tech\/blog\/#\/schema\/person\/a3ed9f985851939bf7cef30f1017d93c","name":"Cyber Guardian","image":{"@type":"ImageObject","inLanguage":"es","@id":"https:\/\/secure.gravatar.com\/avatar\/8f120ab25b7fcac0c91b7b5d2970930a6a93112558b277a8b8353f8bbad0b82a?s=96&d=mm&r=g","url":"https:\/\/secure.gravatar.com\/avatar\/8f120ab25b7fcac0c91b7b5d2970930a6a93112558b277a8b8353f8bbad0b82a?s=96&d=mm&r=g","contentUrl":"https:\/\/secure.gravatar.com\/avatar\/8f120ab25b7fcac0c91b7b5d2970930a6a93112558b277a8b8353f8bbad0b82a?s=96&d=mm&r=g","caption":"Cyber Guardian"},"sameAs":["https:\/\/cyberguardian.tech"],"url":"https:\/\/www.cyberguardian.tech\/blog\/author\/cyberguardian\/"}]}},"jetpack_featured_media_url":"","jetpack_sharing_enabled":true,"jetpack-related-posts":[{"id":190,"url":"https:\/\/www.cyberguardian.tech\/blog\/cyber-guardian-en-evento-ecosistemas-de-ciberseguridad-en-madrid\/","url_meta":{"origin":267,"position":0},"title":"Cyber Guardian en evento \u00abEcosistemas de Ciberseguridad en Madrid\u00bb","author":"Cyber Guardian","date":"23 de febrero de 2024","format":false,"excerpt":"El pasado viernes 23 de Febrero estuvimos en el evento \u201cEcosistemas de Ciberseguridad en Madrid\u201d una jornada sobre ciberseguridad en CEIM - Confederaci\u00f3n Empresarial de Madrid-CEOE donde las principales empresas del sector de Ciberseguridad compartimos nuestra visi\u00f3n sobre la situaci\u00f3n del sector en\u00a0Madrid, los retos existentes y diferentes propuestas para\u2026","rel":"","context":"En \u00abEventos\u00bb","block_context":{"text":"Eventos","link":"https:\/\/www.cyberguardian.tech\/blog\/category\/eventos\/"},"img":{"alt_text":"","src":"https:\/\/i0.wp.com\/www.cyberguardian.tech\/blog\/wp-content\/uploads\/2024\/02\/imagen1-150x150.jpg?resize=350%2C200&ssl=1","width":350,"height":200,"srcset":"https:\/\/i0.wp.com\/www.cyberguardian.tech\/blog\/wp-content\/uploads\/2024\/02\/imagen1-150x150.jpg?resize=350%2C200&ssl=1 1x, https:\/\/i0.wp.com\/www.cyberguardian.tech\/blog\/wp-content\/uploads\/2024\/02\/imagen1-150x150.jpg?resize=525%2C300&ssl=1 1.5x, https:\/\/i0.wp.com\/www.cyberguardian.tech\/blog\/wp-content\/uploads\/2024\/02\/imagen1-150x150.jpg?resize=700%2C400&ssl=1 2x, https:\/\/i0.wp.com\/www.cyberguardian.tech\/blog\/wp-content\/uploads\/2024\/02\/imagen1-150x150.jpg?resize=1050%2C600&ssl=1 3x"},"classes":[]},{"id":187,"url":"https:\/\/www.cyberguardian.tech\/blog\/cyber-guardian-en-el-i-cybersecurity-healthcare-pharma-congress\/","url_meta":{"origin":267,"position":1},"title":"Cyber Guardian en el I CyberSecurity HealthCare &amp; Pharma Congress.","author":"Cyber Guardian","date":"30 de noviembre de 2023","format":false,"excerpt":"El pasado 23 de Noviembre participamos en el I CyberSecurity HealthCare & Pharma Congress, organizado por el Cl\u00faster CyberMadrid y Cl\u00faster Mad e-Health para apoyar desde la ciberseguridad al sector salud. La ciberseguridad constituye una cuesti\u00f3n de m\u00e1xima relevancia para el sector de la salud por la enorme superficie de\u2026","rel":"","context":"En \u00abEventos\u00bb","block_context":{"text":"Eventos","link":"https:\/\/www.cyberguardian.tech\/blog\/category\/eventos\/"},"img":{"alt_text":"","src":"https:\/\/i0.wp.com\/img.youtube.com\/vi\/sC8lbGo0TkM\/0.jpg?resize=350%2C200","width":350,"height":200},"classes":[]},{"id":182,"url":"https:\/\/www.cyberguardian.tech\/blog\/cyber-guardian-en-el-cyber-insurance-day\/","url_meta":{"origin":267,"position":2},"title":"Cyber Guardian en el Cyber Insurance Day 2023","author":"Cyber Guardian","date":"24 de noviembre de 2023","format":false,"excerpt":"El pasado 22 de noviembre asistimos al Cyber Insurance Day. Cerca de 200 personas asistieron a este congreso enfocado en ciberseguridad y ciberseguros que subray\u00f3 la actual relevancia de varios aspectos cruciales relacionados con la seguridad empresarial. Nuestro Director General Jos\u00e9 Antonio Castro ofreci\u00f3 una Keynote donde present\u00f3 la plataforma\u2026","rel":"","context":"En \u00abEventos\u00bb","block_context":{"text":"Eventos","link":"https:\/\/www.cyberguardian.tech\/blog\/category\/eventos\/"},"img":{"alt_text":"Cyber Insurance Day","src":"https:\/\/i0.wp.com\/www.cyberguardian.tech\/blog\/wp-content\/uploads\/2024\/02\/cyber-insurance-day-3.png?resize=350%2C200&ssl=1","width":350,"height":200,"srcset":"https:\/\/i0.wp.com\/www.cyberguardian.tech\/blog\/wp-content\/uploads\/2024\/02\/cyber-insurance-day-3.png?resize=350%2C200&ssl=1 1x, https:\/\/i0.wp.com\/www.cyberguardian.tech\/blog\/wp-content\/uploads\/2024\/02\/cyber-insurance-day-3.png?resize=525%2C300&ssl=1 1.5x, https:\/\/i0.wp.com\/www.cyberguardian.tech\/blog\/wp-content\/uploads\/2024\/02\/cyber-insurance-day-3.png?resize=700%2C400&ssl=1 2x"},"classes":[]},{"id":674,"url":"https:\/\/www.cyberguardian.tech\/blog\/cyber-guardian-en-el-cyberinsurance-day\/","url_meta":{"origin":267,"position":3},"title":"Cyber Guardian en el Cyber Insurance Day 2024","author":"Cyber Guardian","date":"28 de junio de 2024","format":false,"excerpt":"El pasado mi\u00e9rcoles 26 de junio estuvimos en la V Edici\u00f3n de\u00a0Cyber Insurance Day,\u00a0\u00fanico\u00a0evento\u00a0en Espa\u00f1a que fusiona a los sectores de la ciberseguridad y los seguros, y que reuni\u00f3 a expertos en ciberseguros, aseguradoras, mediadores, soluciones de ciberseguridad, y entidades p\u00fablicas. Nuestro Director General, Alexis Alonso particip\u00f3 en la primera\u2026","rel":"","context":"En \u00abEventos\u00bb","block_context":{"text":"Eventos","link":"https:\/\/www.cyberguardian.tech\/blog\/category\/eventos\/"},"img":{"alt_text":"Cyber Insurance Day","src":"https:\/\/i0.wp.com\/www.cyberguardian.tech\/blog\/wp-content\/uploads\/2024\/07\/202406_CyberInsuranceDay_1.png?resize=350%2C200&ssl=1","width":350,"height":200,"srcset":"https:\/\/i0.wp.com\/www.cyberguardian.tech\/blog\/wp-content\/uploads\/2024\/07\/202406_CyberInsuranceDay_1.png?resize=350%2C200&ssl=1 1x, https:\/\/i0.wp.com\/www.cyberguardian.tech\/blog\/wp-content\/uploads\/2024\/07\/202406_CyberInsuranceDay_1.png?resize=525%2C300&ssl=1 1.5x, https:\/\/i0.wp.com\/www.cyberguardian.tech\/blog\/wp-content\/uploads\/2024\/07\/202406_CyberInsuranceDay_1.png?resize=700%2C400&ssl=1 2x, https:\/\/i0.wp.com\/www.cyberguardian.tech\/blog\/wp-content\/uploads\/2024\/07\/202406_CyberInsuranceDay_1.png?resize=1050%2C600&ssl=1 3x"},"classes":[]},{"id":13,"url":"https:\/\/www.cyberguardian.tech\/blog\/cyber-guardian-en-el-des-2022\/","url_meta":{"origin":267,"position":4},"title":"Cyber Guardian en el DES 2022","author":"Cyber Guardian","date":"20 de junio de 2022","format":false,"excerpt":"La semana pasada Cyber Guardian estuvo junto a Banco Santander, en el DES | Digital Enterprise Show 2022, el evento tecnol\u00f3gico l\u00edder a nivel global dedicado a la transformaci\u00f3n digital donde tuvimos la oportunidad de presentar Cyber Guardian a multitud de empresas que se acercaron por el stand de Banco\u2026","rel":"","context":"En \u00abEventos\u00bb","block_context":{"text":"Eventos","link":"https:\/\/www.cyberguardian.tech\/blog\/category\/eventos\/"},"img":{"alt_text":"Ciberseguridad DES 2022","src":"https:\/\/i0.wp.com\/www.cyberguardian.tech\/blog\/wp-content\/uploads\/52c6d3e6b4c0a389.png?resize=350%2C200&ssl=1","width":350,"height":200,"srcset":"https:\/\/i0.wp.com\/www.cyberguardian.tech\/blog\/wp-content\/uploads\/52c6d3e6b4c0a389.png?resize=350%2C200&ssl=1 1x, https:\/\/i0.wp.com\/www.cyberguardian.tech\/blog\/wp-content\/uploads\/52c6d3e6b4c0a389.png?resize=525%2C300&ssl=1 1.5x, https:\/\/i0.wp.com\/www.cyberguardian.tech\/blog\/wp-content\/uploads\/52c6d3e6b4c0a389.png?resize=700%2C400&ssl=1 2x"},"classes":[]},{"id":113,"url":"https:\/\/www.cyberguardian.tech\/blog\/ciberseguridad-como-proteger-el-negocio-frente-a-las-crecientes-amenazas\/","url_meta":{"origin":267,"position":5},"title":"Ciberseguridad: c\u00f3mo proteger el negocio frente a las crecientes amenazas","author":"Cyber Guardian","date":"24 de mayo de 2023","format":false,"excerpt":"Os dejamos este art\u00edculo interesante en El Economista para aquellas PYMEs que tengan inquietudes acerca de la Ciberseguridad y donde adem\u00e1s se menciona a Cyber Guardian.","rel":"","context":"En \u00abNoticias Cyber\u00bb","block_context":{"text":"Noticias Cyber","link":"https:\/\/www.cyberguardian.tech\/blog\/category\/noticias-cyber\/"},"img":{"alt_text":"","src":"","width":0,"height":0},"classes":[]}],"_links":{"self":[{"href":"https:\/\/www.cyberguardian.tech\/blog\/wp-json\/wp\/v2\/posts\/267","targetHints":{"allow":["GET"]}}],"collection":[{"href":"https:\/\/www.cyberguardian.tech\/blog\/wp-json\/wp\/v2\/posts"}],"about":[{"href":"https:\/\/www.cyberguardian.tech\/blog\/wp-json\/wp\/v2\/types\/post"}],"author":[{"embeddable":true,"href":"https:\/\/www.cyberguardian.tech\/blog\/wp-json\/wp\/v2\/users\/6"}],"replies":[{"embeddable":true,"href":"https:\/\/www.cyberguardian.tech\/blog\/wp-json\/wp\/v2\/comments?post=267"}],"version-history":[{"count":2,"href":"https:\/\/www.cyberguardian.tech\/blog\/wp-json\/wp\/v2\/posts\/267\/revisions"}],"predecessor-version":[{"id":1333,"href":"https:\/\/www.cyberguardian.tech\/blog\/wp-json\/wp\/v2\/posts\/267\/revisions\/1333"}],"wp:attachment":[{"href":"https:\/\/www.cyberguardian.tech\/blog\/wp-json\/wp\/v2\/media?parent=267"}],"wp:term":[{"taxonomy":"category","embeddable":true,"href":"https:\/\/www.cyberguardian.tech\/blog\/wp-json\/wp\/v2\/categories?post=267"},{"taxonomy":"post_tag","embeddable":true,"href":"https:\/\/www.cyberguardian.tech\/blog\/wp-json\/wp\/v2\/tags?post=267"}],"curies":[{"name":"wp","href":"https:\/\/api.w.org\/{rel}","templated":true}]}}