{"id":674,"date":"2024-06-28T08:57:19","date_gmt":"2024-06-28T06:57:19","guid":{"rendered":"https:\/\/blog.cyberguardian.tech\/?p=674"},"modified":"2026-02-19T09:46:38","modified_gmt":"2026-02-19T09:46:38","slug":"cyber-guardian-en-el-cyberinsurance-day","status":"publish","type":"post","link":"https:\/\/www.cyberguardian.tech\/blog\/cyber-guardian-en-el-cyberinsurance-day\/","title":{"rendered":"Cyber Guardian en el Cyber Insurance Day 2024"},"content":{"rendered":"\n<p>El pasado mi\u00e9rcoles 26 de junio estuvimos en la V Edici\u00f3n de&nbsp;<strong>Cyber Insurance Day,&nbsp;<\/strong>\u00fanico&nbsp;<a href=\"https:\/\/cyberinsuranceday.es\/\" target=\"_blank\" rel=\"noreferrer noopener\">evento&nbsp;<\/a>en Espa\u00f1a que fusiona a los sectores de la ciberseguridad y los seguros, y que reuni\u00f3 a expertos en ciberseguros, aseguradoras, mediadores, soluciones de ciberseguridad, y entidades p\u00fablicas.<\/p>\n\n\n\n<div class=\"wp-block-jetpack-tiled-gallery aligncenter is-style-square\"><div class=\"\"><div class=\"tiled-gallery__gallery\"><div class=\"tiled-gallery__row columns-2\"><div class=\"tiled-gallery__col\"><figure class=\"tiled-gallery__item\"><img decoding=\"async\" srcset=\"https:\/\/i0.wp.com\/blog.cyberguardian.tech\/wp-content\/uploads\/2024\/07\/202406_CyberInsuranceDay_1-1024x544.png?resize=600%2C600&#038;strip=info&#038;ssl=1 600w,https:\/\/i0.wp.com\/blog.cyberguardian.tech\/wp-content\/uploads\/2024\/07\/202406_CyberInsuranceDay_1-1024x544.png?resize=680%2C680&#038;strip=info&#038;ssl=1 680w\" alt=\"Cyber Insurance Day\" data-height=\"680\" data-id=\"680\" data-link=\"https:\/\/blog.cyberguardian.tech\/?attachment_id=680\" data-url=\"https:\/\/cyberguardian.tech\/blog\/wp-content\/uploads\/2024\/07\/202406_CyberInsuranceDay_1-1024x544.png\" data-width=\"1280\" src=\"https:\/\/i0.wp.com\/blog.cyberguardian.tech\/wp-content\/uploads\/2024\/07\/202406_CyberInsuranceDay_1-1024x544.png?ssl=1&amp;resize=680%2C680\" data-amp-layout=\"responsive\" tabindex=\"0\" role=\"button\" aria-label=\"Abrir la imagen 1 de 2 en pantalla completa\"\/><\/figure><\/div><div class=\"tiled-gallery__col\"><figure class=\"tiled-gallery__item\"><img decoding=\"async\" srcset=\"https:\/\/i0.wp.com\/blog.cyberguardian.tech\/wp-content\/uploads\/2024\/07\/202406_CyberInsuranceDay_2-1024x501.png?resize=600%2C600&#038;strip=info&#038;ssl=1 600w,https:\/\/i0.wp.com\/blog.cyberguardian.tech\/wp-content\/uploads\/2024\/07\/202406_CyberInsuranceDay_2-1024x501.png?resize=626%2C626&#038;strip=info&#038;ssl=1 626w\" alt=\"Cyber Insurance Day\" data-height=\"626\" data-id=\"681\" data-link=\"https:\/\/blog.cyberguardian.tech\/?attachment_id=681\" data-url=\"https:\/\/cyberguardian.tech\/blog\/wp-content\/uploads\/2024\/07\/202406_CyberInsuranceDay_2-1024x501.png\" data-width=\"1280\" src=\"https:\/\/i0.wp.com\/blog.cyberguardian.tech\/wp-content\/uploads\/2024\/07\/202406_CyberInsuranceDay_2-1024x501.png?ssl=1&amp;resize=626%2C626\" data-amp-layout=\"responsive\" tabindex=\"0\" role=\"button\" aria-label=\"Abrir la imagen 2 de 2 en pantalla completa\"\/><\/figure><\/div><\/div><\/div><\/div><\/div>\n\n\n\n<p>Nuestro Director General, Alexis Alonso particip\u00f3 en la primera de las mesas redondas <strong>\u00abRetos y claves en la Contrataci\u00f3n de un Ciberseguro\u00bb<\/strong> junto a otros representantes del sector donde discutieron la evoluci\u00f3n del mercado de ciberseguros. <\/p>\n\n\n\n<p>Alexis enfatiz\u00f3 la<strong> necesidad de adaptar las p\u00f3lizas a las pymes, seguir impulsando la concienciaci\u00f3n y brindar soporte continuo a los asegurado<\/strong>s.<\/p>\n\n\n\n<p>Adaptar las ciberp\u00f3lizas pasa por ejemplo por simplificar los cuestionarios previos a la contrataci\u00f3n adaptando su lenguaje pues las pymes no tienen los conocimientos ni los recursos suficientes para poder contestar todas las preguntas.<\/p>\n\n\n\n<p>A continuaci\u00f3n <strong>destac\u00f3 varios aspectos en que la ciberseguridad es totalmente complementaria a la ciberp\u00f3liza:<\/strong><\/p>\n\n\n\n<p>Por un lado desde ciber tenemos que nutrir a la aseguradora de scorings permanentes con los que puedan ver la evoluci\u00f3n de sus clientes para que las primas se vayan ajustando al esfuerzo que van haciendo los clientes. <\/p>\n\n\n\n<p>Por otro lado, desde <a href=\"https:\/\/www.cyberguardian.tech\" target=\"_blank\" rel=\"noreferrer noopener\">Cyber Guardian<\/a> ayudamos a proteger a los clientes pymes con una plataforma entendible que no requiere tener conocimientos previos ni ese equipo de IT o seguridad y proveemos al cliente con un plan de acci\u00f3n con recomendaciones para mejorar.<\/p>\n\n\n\n<p>As\u00ed los clientes ver\u00e1n el ciberseguro como un apoyo en todo el ciclo de vida de la ciberp\u00f3liza.<\/p>\n\n\n\n<p>Puedes ver el v\u00eddeo de esta mesa redonda del <strong>Cyber Insurance Day<\/strong> aqu\u00ed:<\/p>\n\n\n\n<figure class=\"wp-block-embed is-type-video is-provider-youtube wp-block-embed-youtube wp-embed-aspect-16-9 wp-has-aspect-ratio\"><div class=\"wp-block-embed__wrapper\">\n<iframe loading=\"lazy\" title=\"CyberInsurance Day 2024: Mesa Redonda &quot;Retos y claves en la Contrataci\u00f3n de un Ciberseguro&quot;\" width=\"840\" height=\"473\" src=\"https:\/\/www.youtube.com\/embed\/tpfRV1e_HlE?feature=oembed\" frameborder=\"0\" allow=\"accelerometer; autoplay; clipboard-write; encrypted-media; gyroscope; picture-in-picture; web-share\" referrerpolicy=\"strict-origin-when-cross-origin\" allowfullscreen><\/iframe>\n<\/div><\/figure>\n\n\n\n<p>Puedes ver <a href=\"https:\/\/www.cyberguardian.tech\/blog\/cyber-guardian-en-el-cyber-insurance-day\/\" target=\"_blank\" rel=\"noreferrer noopener\">aqu\u00ed <\/a>la entrada en nuestro blog con la participaci\u00f3n de Cyber Guardian en el <strong>Cyber Insurance Day 2023<\/strong>.<\/p>\n\n\n\n<p><\/p>\n","protected":false},"excerpt":{"rendered":"<p>El pasado mi\u00e9rcoles 26 de junio estuvimos en la V Edici\u00f3n de&nbsp;Cyber Insurance Day,&nbsp;\u00fanico&nbsp;evento&nbsp;en Espa\u00f1a que fusiona a los sectores de la ciberseguridad y los seguros, y que reuni\u00f3 a expertos en ciberseguros, aseguradoras, mediadores, soluciones de ciberseguridad, y entidades p\u00fablicas. Nuestro Director General, Alexis Alonso particip\u00f3 en la primera de las mesas redondas \u00abRetos &hellip; <a href=\"https:\/\/www.cyberguardian.tech\/blog\/cyber-guardian-en-el-cyberinsurance-day\/\" class=\"more-link\">Continuar leyendo<span class=\"screen-reader-text\"> \u00abCyber Guardian en el Cyber Insurance Day 2024\u00bb<\/span><\/a><\/p>\n","protected":false},"author":6,"featured_media":0,"comment_status":"closed","ping_status":"closed","sticky":false,"template":"","format":"standard","meta":{"_jetpack_memberships_contains_paid_content":false,"footnotes":""},"categories":[4],"tags":[13,5],"class_list":["post-674","post","type-post","status-publish","format-standard","hentry","category-eventos","tag-ciberseguro","tag-eventos"],"yoast_head":"<!-- This site is optimized with the Yoast SEO plugin v27.5 - https:\/\/yoast.com\/product\/yoast-seo-wordpress\/ -->\n<title>Cyber Insurance Day: Cyber Guardian en Cyber Insurance Day<\/title>\n<meta name=\"description\" content=\"Cyber Insurance: Cyber Guardian estuvo en el Cyber Insurance Day 2024, el evento\u00a0que fusiona a los sectores de ciberseguridad y seguros.\" \/>\n<meta name=\"robots\" content=\"index, follow, max-snippet:-1, max-image-preview:large, max-video-preview:-1\" \/>\n<link rel=\"canonical\" href=\"https:\/\/www.cyberguardian.tech\/blog\/cyber-guardian-en-el-cyberinsurance-day\/\" \/>\n<meta property=\"og:locale\" content=\"es_ES\" \/>\n<meta property=\"og:type\" content=\"article\" \/>\n<meta property=\"og:title\" content=\"Cyber Insurance Day: Cyber Guardian en Cyber Insurance Day\" \/>\n<meta property=\"og:description\" content=\"Cyber Insurance: Cyber Guardian estuvo en el Cyber Insurance Day 2024, el evento\u00a0que fusiona a los sectores de ciberseguridad y seguros.\" \/>\n<meta property=\"og:url\" content=\"https:\/\/www.cyberguardian.tech\/blog\/cyber-guardian-en-el-cyberinsurance-day\/\" \/>\n<meta property=\"og:site_name\" content=\"Cyber Guardian - Blog\" \/>\n<meta property=\"article:published_time\" content=\"2024-06-28T06:57:19+00:00\" \/>\n<meta property=\"article:modified_time\" content=\"2026-02-19T09:46:38+00:00\" \/>\n<meta property=\"og:image\" content=\"https:\/\/i0.wp.com\/blog.cyberguardian.tech\/wp-content\/uploads\/2024\/07\/202406_CyberInsuranceDay_1-1024x544.png?ssl=1&amp;resize=680%2C680\" \/>\n<meta name=\"author\" content=\"Cyber Guardian\" \/>\n<meta name=\"twitter:card\" content=\"summary_large_image\" \/>\n<meta name=\"twitter:label1\" content=\"Escrito por\" \/>\n\t<meta name=\"twitter:data1\" content=\"Cyber Guardian\" \/>\n\t<meta name=\"twitter:label2\" content=\"Tiempo de lectura\" \/>\n\t<meta name=\"twitter:data2\" content=\"2 minutos\" \/>\n<script type=\"application\/ld+json\" class=\"yoast-schema-graph\">{\"@context\":\"https:\\\/\\\/schema.org\",\"@graph\":[{\"@type\":\"Article\",\"@id\":\"https:\\\/\\\/www.cyberguardian.tech\\\/blog\\\/cyber-guardian-en-el-cyberinsurance-day\\\/#article\",\"isPartOf\":{\"@id\":\"https:\\\/\\\/www.cyberguardian.tech\\\/blog\\\/cyber-guardian-en-el-cyberinsurance-day\\\/\"},\"author\":{\"name\":\"Cyber Guardian\",\"@id\":\"https:\\\/\\\/www.cyberguardian.tech\\\/blog\\\/#\\\/schema\\\/person\\\/a3ed9f985851939bf7cef30f1017d93c\"},\"headline\":\"Cyber Guardian en el Cyber Insurance Day 2024\",\"datePublished\":\"2024-06-28T06:57:19+00:00\",\"dateModified\":\"2026-02-19T09:46:38+00:00\",\"mainEntityOfPage\":{\"@id\":\"https:\\\/\\\/www.cyberguardian.tech\\\/blog\\\/cyber-guardian-en-el-cyberinsurance-day\\\/\"},\"wordCount\":320,\"image\":{\"@id\":\"https:\\\/\\\/www.cyberguardian.tech\\\/blog\\\/cyber-guardian-en-el-cyberinsurance-day\\\/#primaryimage\"},\"thumbnailUrl\":\"https:\\\/\\\/i0.wp.com\\\/blog.cyberguardian.tech\\\/wp-content\\\/uploads\\\/2024\\\/07\\\/202406_CyberInsuranceDay_1-1024x544.png?ssl=1&amp;resize=680%2C680\",\"keywords\":[\"Ciberseguro\",\"Eventos\"],\"articleSection\":[\"Eventos\"],\"inLanguage\":\"es\"},{\"@type\":\"WebPage\",\"@id\":\"https:\\\/\\\/www.cyberguardian.tech\\\/blog\\\/cyber-guardian-en-el-cyberinsurance-day\\\/\",\"url\":\"https:\\\/\\\/www.cyberguardian.tech\\\/blog\\\/cyber-guardian-en-el-cyberinsurance-day\\\/\",\"name\":\"Cyber Insurance Day: Cyber Guardian en Cyber Insurance Day\",\"isPartOf\":{\"@id\":\"https:\\\/\\\/www.cyberguardian.tech\\\/blog\\\/#website\"},\"primaryImageOfPage\":{\"@id\":\"https:\\\/\\\/www.cyberguardian.tech\\\/blog\\\/cyber-guardian-en-el-cyberinsurance-day\\\/#primaryimage\"},\"image\":{\"@id\":\"https:\\\/\\\/www.cyberguardian.tech\\\/blog\\\/cyber-guardian-en-el-cyberinsurance-day\\\/#primaryimage\"},\"thumbnailUrl\":\"https:\\\/\\\/i0.wp.com\\\/blog.cyberguardian.tech\\\/wp-content\\\/uploads\\\/2024\\\/07\\\/202406_CyberInsuranceDay_1-1024x544.png?ssl=1&amp;resize=680%2C680\",\"datePublished\":\"2024-06-28T06:57:19+00:00\",\"dateModified\":\"2026-02-19T09:46:38+00:00\",\"author\":{\"@id\":\"https:\\\/\\\/www.cyberguardian.tech\\\/blog\\\/#\\\/schema\\\/person\\\/a3ed9f985851939bf7cef30f1017d93c\"},\"description\":\"Cyber Insurance: Cyber Guardian estuvo en el Cyber Insurance Day 2024, el evento\u00a0que fusiona a los sectores de ciberseguridad y seguros.\",\"breadcrumb\":{\"@id\":\"https:\\\/\\\/www.cyberguardian.tech\\\/blog\\\/cyber-guardian-en-el-cyberinsurance-day\\\/#breadcrumb\"},\"inLanguage\":\"es\",\"potentialAction\":[{\"@type\":\"ReadAction\",\"target\":[\"https:\\\/\\\/www.cyberguardian.tech\\\/blog\\\/cyber-guardian-en-el-cyberinsurance-day\\\/\"]}]},{\"@type\":\"ImageObject\",\"inLanguage\":\"es\",\"@id\":\"https:\\\/\\\/www.cyberguardian.tech\\\/blog\\\/cyber-guardian-en-el-cyberinsurance-day\\\/#primaryimage\",\"url\":\"https:\\\/\\\/i0.wp.com\\\/blog.cyberguardian.tech\\\/wp-content\\\/uploads\\\/2024\\\/07\\\/202406_CyberInsuranceDay_1-1024x544.png?ssl=1&amp;resize=680%2C680\",\"contentUrl\":\"https:\\\/\\\/i0.wp.com\\\/blog.cyberguardian.tech\\\/wp-content\\\/uploads\\\/2024\\\/07\\\/202406_CyberInsuranceDay_1-1024x544.png?ssl=1&amp;resize=680%2C680\"},{\"@type\":\"BreadcrumbList\",\"@id\":\"https:\\\/\\\/www.cyberguardian.tech\\\/blog\\\/cyber-guardian-en-el-cyberinsurance-day\\\/#breadcrumb\",\"itemListElement\":[{\"@type\":\"ListItem\",\"position\":1,\"name\":\"Portada\",\"item\":\"https:\\\/\\\/www.cyberguardian.tech\\\/blog\\\/\"},{\"@type\":\"ListItem\",\"position\":2,\"name\":\"Cyber Guardian en el Cyber Insurance Day 2024\"}]},{\"@type\":\"WebSite\",\"@id\":\"https:\\\/\\\/www.cyberguardian.tech\\\/blog\\\/#website\",\"url\":\"https:\\\/\\\/www.cyberguardian.tech\\\/blog\\\/\",\"name\":\"Cyber Guardian - Blog\",\"description\":\"Blog sobre ciberseguridad para peque\u00f1as y medianas empresas f\u00e1cil de entender tambi\u00e9n para usuarios no t\u00e9cnicos.\",\"potentialAction\":[{\"@type\":\"SearchAction\",\"target\":{\"@type\":\"EntryPoint\",\"urlTemplate\":\"https:\\\/\\\/www.cyberguardian.tech\\\/blog\\\/?s={search_term_string}\"},\"query-input\":{\"@type\":\"PropertyValueSpecification\",\"valueRequired\":true,\"valueName\":\"search_term_string\"}}],\"inLanguage\":\"es\"},{\"@type\":\"Person\",\"@id\":\"https:\\\/\\\/www.cyberguardian.tech\\\/blog\\\/#\\\/schema\\\/person\\\/a3ed9f985851939bf7cef30f1017d93c\",\"name\":\"Cyber Guardian\",\"image\":{\"@type\":\"ImageObject\",\"inLanguage\":\"es\",\"@id\":\"https:\\\/\\\/secure.gravatar.com\\\/avatar\\\/8f120ab25b7fcac0c91b7b5d2970930a6a93112558b277a8b8353f8bbad0b82a?s=96&d=mm&r=g\",\"url\":\"https:\\\/\\\/secure.gravatar.com\\\/avatar\\\/8f120ab25b7fcac0c91b7b5d2970930a6a93112558b277a8b8353f8bbad0b82a?s=96&d=mm&r=g\",\"contentUrl\":\"https:\\\/\\\/secure.gravatar.com\\\/avatar\\\/8f120ab25b7fcac0c91b7b5d2970930a6a93112558b277a8b8353f8bbad0b82a?s=96&d=mm&r=g\",\"caption\":\"Cyber Guardian\"},\"sameAs\":[\"https:\\\/\\\/cyberguardian.tech\"],\"url\":\"https:\\\/\\\/www.cyberguardian.tech\\\/blog\\\/author\\\/cyberguardian\\\/\"}]}<\/script>\n<!-- \/ Yoast SEO plugin. -->","yoast_head_json":{"title":"Cyber Insurance Day: Cyber Guardian en Cyber Insurance Day","description":"Cyber Insurance: Cyber Guardian estuvo en el Cyber Insurance Day 2024, el evento\u00a0que fusiona a los sectores de ciberseguridad y seguros.","robots":{"index":"index","follow":"follow","max-snippet":"max-snippet:-1","max-image-preview":"max-image-preview:large","max-video-preview":"max-video-preview:-1"},"canonical":"https:\/\/www.cyberguardian.tech\/blog\/cyber-guardian-en-el-cyberinsurance-day\/","og_locale":"es_ES","og_type":"article","og_title":"Cyber Insurance Day: Cyber Guardian en Cyber Insurance Day","og_description":"Cyber Insurance: Cyber Guardian estuvo en el Cyber Insurance Day 2024, el evento\u00a0que fusiona a los sectores de ciberseguridad y seguros.","og_url":"https:\/\/www.cyberguardian.tech\/blog\/cyber-guardian-en-el-cyberinsurance-day\/","og_site_name":"Cyber Guardian - Blog","article_published_time":"2024-06-28T06:57:19+00:00","article_modified_time":"2026-02-19T09:46:38+00:00","og_image":[{"url":"https:\/\/i0.wp.com\/blog.cyberguardian.tech\/wp-content\/uploads\/2024\/07\/202406_CyberInsuranceDay_1-1024x544.png?ssl=1&amp;resize=680%2C680","type":"","width":"","height":""}],"author":"Cyber Guardian","twitter_card":"summary_large_image","twitter_misc":{"Escrito por":"Cyber Guardian","Tiempo de lectura":"2 minutos"},"schema":{"@context":"https:\/\/schema.org","@graph":[{"@type":"Article","@id":"https:\/\/www.cyberguardian.tech\/blog\/cyber-guardian-en-el-cyberinsurance-day\/#article","isPartOf":{"@id":"https:\/\/www.cyberguardian.tech\/blog\/cyber-guardian-en-el-cyberinsurance-day\/"},"author":{"name":"Cyber Guardian","@id":"https:\/\/www.cyberguardian.tech\/blog\/#\/schema\/person\/a3ed9f985851939bf7cef30f1017d93c"},"headline":"Cyber Guardian en el Cyber Insurance Day 2024","datePublished":"2024-06-28T06:57:19+00:00","dateModified":"2026-02-19T09:46:38+00:00","mainEntityOfPage":{"@id":"https:\/\/www.cyberguardian.tech\/blog\/cyber-guardian-en-el-cyberinsurance-day\/"},"wordCount":320,"image":{"@id":"https:\/\/www.cyberguardian.tech\/blog\/cyber-guardian-en-el-cyberinsurance-day\/#primaryimage"},"thumbnailUrl":"https:\/\/i0.wp.com\/blog.cyberguardian.tech\/wp-content\/uploads\/2024\/07\/202406_CyberInsuranceDay_1-1024x544.png?ssl=1&amp;resize=680%2C680","keywords":["Ciberseguro","Eventos"],"articleSection":["Eventos"],"inLanguage":"es"},{"@type":"WebPage","@id":"https:\/\/www.cyberguardian.tech\/blog\/cyber-guardian-en-el-cyberinsurance-day\/","url":"https:\/\/www.cyberguardian.tech\/blog\/cyber-guardian-en-el-cyberinsurance-day\/","name":"Cyber Insurance Day: Cyber Guardian en Cyber Insurance Day","isPartOf":{"@id":"https:\/\/www.cyberguardian.tech\/blog\/#website"},"primaryImageOfPage":{"@id":"https:\/\/www.cyberguardian.tech\/blog\/cyber-guardian-en-el-cyberinsurance-day\/#primaryimage"},"image":{"@id":"https:\/\/www.cyberguardian.tech\/blog\/cyber-guardian-en-el-cyberinsurance-day\/#primaryimage"},"thumbnailUrl":"https:\/\/i0.wp.com\/blog.cyberguardian.tech\/wp-content\/uploads\/2024\/07\/202406_CyberInsuranceDay_1-1024x544.png?ssl=1&amp;resize=680%2C680","datePublished":"2024-06-28T06:57:19+00:00","dateModified":"2026-02-19T09:46:38+00:00","author":{"@id":"https:\/\/www.cyberguardian.tech\/blog\/#\/schema\/person\/a3ed9f985851939bf7cef30f1017d93c"},"description":"Cyber Insurance: Cyber Guardian estuvo en el Cyber Insurance Day 2024, el evento\u00a0que fusiona a los sectores de ciberseguridad y seguros.","breadcrumb":{"@id":"https:\/\/www.cyberguardian.tech\/blog\/cyber-guardian-en-el-cyberinsurance-day\/#breadcrumb"},"inLanguage":"es","potentialAction":[{"@type":"ReadAction","target":["https:\/\/www.cyberguardian.tech\/blog\/cyber-guardian-en-el-cyberinsurance-day\/"]}]},{"@type":"ImageObject","inLanguage":"es","@id":"https:\/\/www.cyberguardian.tech\/blog\/cyber-guardian-en-el-cyberinsurance-day\/#primaryimage","url":"https:\/\/i0.wp.com\/blog.cyberguardian.tech\/wp-content\/uploads\/2024\/07\/202406_CyberInsuranceDay_1-1024x544.png?ssl=1&amp;resize=680%2C680","contentUrl":"https:\/\/i0.wp.com\/blog.cyberguardian.tech\/wp-content\/uploads\/2024\/07\/202406_CyberInsuranceDay_1-1024x544.png?ssl=1&amp;resize=680%2C680"},{"@type":"BreadcrumbList","@id":"https:\/\/www.cyberguardian.tech\/blog\/cyber-guardian-en-el-cyberinsurance-day\/#breadcrumb","itemListElement":[{"@type":"ListItem","position":1,"name":"Portada","item":"https:\/\/www.cyberguardian.tech\/blog\/"},{"@type":"ListItem","position":2,"name":"Cyber Guardian en el Cyber Insurance Day 2024"}]},{"@type":"WebSite","@id":"https:\/\/www.cyberguardian.tech\/blog\/#website","url":"https:\/\/www.cyberguardian.tech\/blog\/","name":"Cyber Guardian - Blog","description":"Blog sobre ciberseguridad para peque\u00f1as y medianas empresas f\u00e1cil de entender tambi\u00e9n para usuarios no t\u00e9cnicos.","potentialAction":[{"@type":"SearchAction","target":{"@type":"EntryPoint","urlTemplate":"https:\/\/www.cyberguardian.tech\/blog\/?s={search_term_string}"},"query-input":{"@type":"PropertyValueSpecification","valueRequired":true,"valueName":"search_term_string"}}],"inLanguage":"es"},{"@type":"Person","@id":"https:\/\/www.cyberguardian.tech\/blog\/#\/schema\/person\/a3ed9f985851939bf7cef30f1017d93c","name":"Cyber Guardian","image":{"@type":"ImageObject","inLanguage":"es","@id":"https:\/\/secure.gravatar.com\/avatar\/8f120ab25b7fcac0c91b7b5d2970930a6a93112558b277a8b8353f8bbad0b82a?s=96&d=mm&r=g","url":"https:\/\/secure.gravatar.com\/avatar\/8f120ab25b7fcac0c91b7b5d2970930a6a93112558b277a8b8353f8bbad0b82a?s=96&d=mm&r=g","contentUrl":"https:\/\/secure.gravatar.com\/avatar\/8f120ab25b7fcac0c91b7b5d2970930a6a93112558b277a8b8353f8bbad0b82a?s=96&d=mm&r=g","caption":"Cyber Guardian"},"sameAs":["https:\/\/cyberguardian.tech"],"url":"https:\/\/www.cyberguardian.tech\/blog\/author\/cyberguardian\/"}]}},"jetpack_featured_media_url":"","jetpack_sharing_enabled":true,"jetpack-related-posts":[{"id":182,"url":"https:\/\/www.cyberguardian.tech\/blog\/cyber-guardian-en-el-cyber-insurance-day\/","url_meta":{"origin":674,"position":0},"title":"Cyber Guardian en el Cyber Insurance Day 2023","author":"Cyber Guardian","date":"24 de noviembre de 2023","format":false,"excerpt":"El pasado 22 de noviembre asistimos al Cyber Insurance Day. Cerca de 200 personas asistieron a este congreso enfocado en ciberseguridad y ciberseguros que subray\u00f3 la actual relevancia de varios aspectos cruciales relacionados con la seguridad empresarial. Nuestro Director General Jos\u00e9 Antonio Castro ofreci\u00f3 una Keynote donde present\u00f3 la plataforma\u2026","rel":"","context":"En \u00abEventos\u00bb","block_context":{"text":"Eventos","link":"https:\/\/www.cyberguardian.tech\/blog\/category\/eventos\/"},"img":{"alt_text":"Cyber Insurance Day","src":"https:\/\/i0.wp.com\/www.cyberguardian.tech\/blog\/wp-content\/uploads\/2024\/02\/cyber-insurance-day-3.png?resize=350%2C200&ssl=1","width":350,"height":200,"srcset":"https:\/\/i0.wp.com\/www.cyberguardian.tech\/blog\/wp-content\/uploads\/2024\/02\/cyber-insurance-day-3.png?resize=350%2C200&ssl=1 1x, https:\/\/i0.wp.com\/www.cyberguardian.tech\/blog\/wp-content\/uploads\/2024\/02\/cyber-insurance-day-3.png?resize=525%2C300&ssl=1 1.5x, https:\/\/i0.wp.com\/www.cyberguardian.tech\/blog\/wp-content\/uploads\/2024\/02\/cyber-insurance-day-3.png?resize=700%2C400&ssl=1 2x"},"classes":[]},{"id":13,"url":"https:\/\/www.cyberguardian.tech\/blog\/cyber-guardian-en-el-des-2022\/","url_meta":{"origin":674,"position":1},"title":"Cyber Guardian en el DES 2022","author":"Cyber Guardian","date":"20 de junio de 2022","format":false,"excerpt":"La semana pasada Cyber Guardian estuvo junto a Banco Santander, en el DES | Digital Enterprise Show 2022, el evento tecnol\u00f3gico l\u00edder a nivel global dedicado a la transformaci\u00f3n digital donde tuvimos la oportunidad de presentar Cyber Guardian a multitud de empresas que se acercaron por el stand de Banco\u2026","rel":"","context":"En \u00abEventos\u00bb","block_context":{"text":"Eventos","link":"https:\/\/www.cyberguardian.tech\/blog\/category\/eventos\/"},"img":{"alt_text":"Ciberseguridad DES 2022","src":"https:\/\/i0.wp.com\/www.cyberguardian.tech\/blog\/wp-content\/uploads\/52c6d3e6b4c0a389.png?resize=350%2C200&ssl=1","width":350,"height":200,"srcset":"https:\/\/i0.wp.com\/www.cyberguardian.tech\/blog\/wp-content\/uploads\/52c6d3e6b4c0a389.png?resize=350%2C200&ssl=1 1x, https:\/\/i0.wp.com\/www.cyberguardian.tech\/blog\/wp-content\/uploads\/52c6d3e6b4c0a389.png?resize=525%2C300&ssl=1 1.5x, https:\/\/i0.wp.com\/www.cyberguardian.tech\/blog\/wp-content\/uploads\/52c6d3e6b4c0a389.png?resize=700%2C400&ssl=1 2x"},"classes":[]},{"id":190,"url":"https:\/\/www.cyberguardian.tech\/blog\/cyber-guardian-en-evento-ecosistemas-de-ciberseguridad-en-madrid\/","url_meta":{"origin":674,"position":2},"title":"Cyber Guardian en evento \u00abEcosistemas de Ciberseguridad en Madrid\u00bb","author":"Cyber Guardian","date":"23 de febrero de 2024","format":false,"excerpt":"El pasado viernes 23 de Febrero estuvimos en el evento \u201cEcosistemas de Ciberseguridad en Madrid\u201d una jornada sobre ciberseguridad en CEIM - Confederaci\u00f3n Empresarial de Madrid-CEOE donde las principales empresas del sector de Ciberseguridad compartimos nuestra visi\u00f3n sobre la situaci\u00f3n del sector en\u00a0Madrid, los retos existentes y diferentes propuestas para\u2026","rel":"","context":"En \u00abEventos\u00bb","block_context":{"text":"Eventos","link":"https:\/\/www.cyberguardian.tech\/blog\/category\/eventos\/"},"img":{"alt_text":"","src":"https:\/\/i0.wp.com\/www.cyberguardian.tech\/blog\/wp-content\/uploads\/2024\/02\/imagen1-150x150.jpg?resize=350%2C200&ssl=1","width":350,"height":200,"srcset":"https:\/\/i0.wp.com\/www.cyberguardian.tech\/blog\/wp-content\/uploads\/2024\/02\/imagen1-150x150.jpg?resize=350%2C200&ssl=1 1x, https:\/\/i0.wp.com\/www.cyberguardian.tech\/blog\/wp-content\/uploads\/2024\/02\/imagen1-150x150.jpg?resize=525%2C300&ssl=1 1.5x, https:\/\/i0.wp.com\/www.cyberguardian.tech\/blog\/wp-content\/uploads\/2024\/02\/imagen1-150x150.jpg?resize=700%2C400&ssl=1 2x, https:\/\/i0.wp.com\/www.cyberguardian.tech\/blog\/wp-content\/uploads\/2024\/02\/imagen1-150x150.jpg?resize=1050%2C600&ssl=1 3x"},"classes":[]},{"id":267,"url":"https:\/\/www.cyberguardian.tech\/blog\/cyber-guardian-en-el-i-congreso-de-ciberseguridad-para-pymes\/","url_meta":{"origin":674,"position":3},"title":"Cyber Guardian en el I Congreso de Ciberseguridad para pymes","author":"Cyber Guardian","date":"16 de diciembre de 2022","format":false,"excerpt":"Esta semana Cyber Guardian estuvo en el I Congreso de Ciberseguridad para PYMES en Madrid, organizado conjuntamente por ISMS Forum\u00a0y\u00a0Cluster CyberMadrid. Nuestro responsable global Jose Antonio Castro habl\u00f3 del contexto actual de las amenazas de ciberseguridad donde las PYMES son las m\u00e1s vulnerables. \"Las peque\u00f1as y medianas empresas viven tres\u2026","rel":"","context":"En \u00abEventos\u00bb","block_context":{"text":"Eventos","link":"https:\/\/www.cyberguardian.tech\/blog\/category\/eventos\/"},"img":{"alt_text":"Congreso Ciberseguridad Pymes","src":"https:\/\/i0.wp.com\/www.cyberguardian.tech\/blog\/wp-content\/uploads\/336c12f8fe3e08d6.png?resize=350%2C200&ssl=1","width":350,"height":200,"srcset":"https:\/\/i0.wp.com\/www.cyberguardian.tech\/blog\/wp-content\/uploads\/336c12f8fe3e08d6.png?resize=350%2C200&ssl=1 1x, https:\/\/i0.wp.com\/www.cyberguardian.tech\/blog\/wp-content\/uploads\/336c12f8fe3e08d6.png?resize=525%2C300&ssl=1 1.5x, https:\/\/i0.wp.com\/www.cyberguardian.tech\/blog\/wp-content\/uploads\/336c12f8fe3e08d6.png?resize=700%2C400&ssl=1 2x"},"classes":[]},{"id":139,"url":"https:\/\/www.cyberguardian.tech\/blog\/encuentro-con-aseguradoras-y-principales-actores-del-mundo-del-ciberseguro\/","url_meta":{"origin":674,"position":4},"title":"Encuentro con Aseguradoras y actores del mundo del ciberseguro","author":"Cyber Guardian","date":"16 de junio de 2023","format":false,"excerpt":"Esta semana, los d\u00edas 13 y 14 de junio tuvimos la oportunidad de patrocinar y participar en el Espacio tiSec, de la Revista SIC, y compartir experiencias con grandes aseguradoras y los principales actores en el mundo del ciberseguro. Nuestro Director General, Jos\u00e9 Antonio Castro realiz\u00f3 una ponencia en la\u2026","rel":"","context":"En \u00abEventos\u00bb","block_context":{"text":"Eventos","link":"https:\/\/www.cyberguardian.tech\/blog\/category\/eventos\/"},"img":{"alt_text":"ciberseguro","src":"https:\/\/i0.wp.com\/www.cyberguardian.tech\/blog\/wp-content\/uploads\/3286c3473996761a.png?resize=350%2C200&ssl=1","width":350,"height":200,"srcset":"https:\/\/i0.wp.com\/www.cyberguardian.tech\/blog\/wp-content\/uploads\/3286c3473996761a.png?resize=350%2C200&ssl=1 1x, https:\/\/i0.wp.com\/www.cyberguardian.tech\/blog\/wp-content\/uploads\/3286c3473996761a.png?resize=525%2C300&ssl=1 1.5x, https:\/\/i0.wp.com\/www.cyberguardian.tech\/blog\/wp-content\/uploads\/3286c3473996761a.png?resize=700%2C400&ssl=1 2x, https:\/\/i0.wp.com\/www.cyberguardian.tech\/blog\/wp-content\/uploads\/3286c3473996761a.png?resize=1050%2C600&ssl=1 3x"},"classes":[]},{"id":187,"url":"https:\/\/www.cyberguardian.tech\/blog\/cyber-guardian-en-el-i-cybersecurity-healthcare-pharma-congress\/","url_meta":{"origin":674,"position":5},"title":"Cyber Guardian en el I CyberSecurity HealthCare &amp; Pharma Congress.","author":"Cyber Guardian","date":"30 de noviembre de 2023","format":false,"excerpt":"El pasado 23 de Noviembre participamos en el I CyberSecurity HealthCare & Pharma Congress, organizado por el Cl\u00faster CyberMadrid y Cl\u00faster Mad e-Health para apoyar desde la ciberseguridad al sector salud. La ciberseguridad constituye una cuesti\u00f3n de m\u00e1xima relevancia para el sector de la salud por la enorme superficie de\u2026","rel":"","context":"En \u00abEventos\u00bb","block_context":{"text":"Eventos","link":"https:\/\/www.cyberguardian.tech\/blog\/category\/eventos\/"},"img":{"alt_text":"","src":"https:\/\/i0.wp.com\/img.youtube.com\/vi\/sC8lbGo0TkM\/0.jpg?resize=350%2C200","width":350,"height":200},"classes":[]}],"_links":{"self":[{"href":"https:\/\/www.cyberguardian.tech\/blog\/wp-json\/wp\/v2\/posts\/674","targetHints":{"allow":["GET"]}}],"collection":[{"href":"https:\/\/www.cyberguardian.tech\/blog\/wp-json\/wp\/v2\/posts"}],"about":[{"href":"https:\/\/www.cyberguardian.tech\/blog\/wp-json\/wp\/v2\/types\/post"}],"author":[{"embeddable":true,"href":"https:\/\/www.cyberguardian.tech\/blog\/wp-json\/wp\/v2\/users\/6"}],"replies":[{"embeddable":true,"href":"https:\/\/www.cyberguardian.tech\/blog\/wp-json\/wp\/v2\/comments?post=674"}],"version-history":[{"count":2,"href":"https:\/\/www.cyberguardian.tech\/blog\/wp-json\/wp\/v2\/posts\/674\/revisions"}],"predecessor-version":[{"id":1328,"href":"https:\/\/www.cyberguardian.tech\/blog\/wp-json\/wp\/v2\/posts\/674\/revisions\/1328"}],"wp:attachment":[{"href":"https:\/\/www.cyberguardian.tech\/blog\/wp-json\/wp\/v2\/media?parent=674"}],"wp:term":[{"taxonomy":"category","embeddable":true,"href":"https:\/\/www.cyberguardian.tech\/blog\/wp-json\/wp\/v2\/categories?post=674"},{"taxonomy":"post_tag","embeddable":true,"href":"https:\/\/www.cyberguardian.tech\/blog\/wp-json\/wp\/v2\/tags?post=674"}],"curies":[{"name":"wp","href":"https:\/\/api.w.org\/{rel}","templated":true}]}}