{"id":78,"date":"2023-04-21T16:18:00","date_gmt":"2023-04-21T14:18:00","guid":{"rendered":"https:\/\/blog.cyberguardian.tech\/?p=78"},"modified":"2025-08-27T12:37:22","modified_gmt":"2025-08-27T12:37:22","slug":"encuentro-cyber-guardian-con-empresarios-en-work-cafe-santander-bilbao-y-foro-tendencias-empresariales-de-banco-santander-en-gijon","status":"publish","type":"post","link":"https:\/\/www.cyberguardian.tech\/blog\/encuentro-cyber-guardian-con-empresarios-en-work-cafe-santander-bilbao-y-foro-tendencias-empresariales-de-banco-santander-en-gijon\/","title":{"rendered":"Encuentro Cyber Guardian con empresarios en Work-Caf\u00e9 Santander Bilbao y Foro Tendencias Empresariales de Banco Santander en Gij\u00f3n."},"content":{"rendered":"\n<p>Ayer 20 de Abril asistimos al primero de los <strong><a href=\"https:\/\/www.linkedin.com\/posts\/zorione-nu%C3%B1o-barquin-7a05721bb_santander-workcafaez-workcafaezbilbao-activity-7052242484625555456-aDZ2\/\" target=\"_blank\" rel=\"noreferrer noopener\">eventos de Cyber Guardian en Work Caf\u00e9s Santander<\/a><\/strong>, en Bilbao, en la Plaza Moyua.<\/p>\n\n\n\n<div class=\"wp-block-jetpack-tiled-gallery aligncenter is-style-rectangular\"><div class=\"\"><div class=\"tiled-gallery__gallery\"><div class=\"tiled-gallery__row\"><div class=\"tiled-gallery__col\" style=\"flex-basis:100.00000%\"><figure class=\"tiled-gallery__item\"><img decoding=\"async\" srcset=\"https:\/\/i0.wp.com\/cyberguardian.tech\/blog\/wp-content\/uploads\/f6444f676d49ab17-1024x568.png?strip=info&#038;w=600&#038;ssl=1 600w,https:\/\/i0.wp.com\/cyberguardian.tech\/blog\/wp-content\/uploads\/f6444f676d49ab17-1024x568.png?strip=info&#038;w=900&#038;ssl=1 900w,https:\/\/i0.wp.com\/cyberguardian.tech\/blog\/wp-content\/uploads\/f6444f676d49ab17-1024x568.png?strip=info&#038;w=1077&#038;ssl=1 1077w\" alt=\"\" data-height=\"597\" data-id=\"1260\" data-link=\"https:\/\/cyberguardian.tech\/blog\/encuentro-cyber-guardian-con-empresarios-en-work-cafe-santander-bilbao-y-foro-tendencias-empresariales-de-banco-santander-en-gijon\/f6444f676d49ab17\/\" data-url=\"https:\/\/cyberguardian.tech\/blog\/wp-content\/uploads\/f6444f676d49ab17-1024x568.png\" data-width=\"1077\" src=\"https:\/\/i0.wp.com\/cyberguardian.tech\/blog\/wp-content\/uploads\/f6444f676d49ab17-1024x568.png?ssl=1\" data-amp-layout=\"responsive\"\/><\/figure><\/div><\/div><\/div><\/div><\/div>\n\n\n\n<figure class=\"wp-block-image size-full\"><img loading=\"lazy\" decoding=\"async\" width=\"973\" height=\"601\" src=\"https:\/\/cyberguardian.tech\/blog\/wp-content\/uploads\/64e140ee34c67c3c.png\" alt=\"\" class=\"wp-image-1262\" srcset=\"https:\/\/www.cyberguardian.tech\/blog\/wp-content\/uploads\/64e140ee34c67c3c.png 973w, https:\/\/www.cyberguardian.tech\/blog\/wp-content\/uploads\/64e140ee34c67c3c-300x185.png 300w, https:\/\/www.cyberguardian.tech\/blog\/wp-content\/uploads\/64e140ee34c67c3c-768x474.png 768w\" sizes=\"auto, (max-width: 709px) 85vw, (max-width: 909px) 67vw, (max-width: 1362px) 62vw, 840px\" \/><\/figure>\n\n\n\n<p><\/p>\n\n\n\n<p>Fue un encuentro con un <strong>n\u00famero importante de empresarios de Bilbao<\/strong> y tambi\u00e9n retransmitido por streaming. Nuestro Director de Desarrollo de Negocio, Alexis Alonso, habl\u00f3 de las <strong>amenazas digitales que afectan a las pymes y de c\u00f3mo protegerse<\/strong>.<\/p>\n\n\n\n<p>\u201cMuchas veces creemos que como pymes no somos interesantes para los atacantes, pero hay que ser conscientes de cu\u00e1l es el tipo de ataque m\u00e1s com\u00fan. Hoy en d\u00eda m\u00e1s del 90% de los ataques comienzan con un email de phishing y muchas veces por fallos humanos pueden conseguir atacarnos.\u201d<\/p>\n\n\n\n<!--more-->\n\n\n\n<p>Alexis dio las pautas de por d\u00f3nde empezar y c\u00f3mo adelantarse y prevenir estos ataques desde el punto de vista de las pymes con <strong><a href=\"https:\/\/www.cyberguardian.tech\/\" target=\"_blank\" rel=\"noreferrer noopener\">Cyber Guardian<\/a>, que ha logrado acercar la ciberseguridad a las pymes, con un lenguaje sencillo, una visualizaci\u00f3n clara y un enfoque de prevenci\u00f3n y protecci\u00f3n simplificando la gesti\u00f3n de todas las protecciones en una sola plataforma. <\/strong>Con&nbsp;Cyber Guardian&nbsp;las pymes pueden proteger su empresa, de forma r\u00e1pida, c\u00f3moda y sencilla, sin necesidad de conocimientos t\u00e9cnicos.<\/p>\n\n\n\n<p>Una presentaci\u00f3n interesante en un ambiente inmejorable. Es un orgullo que desde <a href=\"https:\/\/www.bancosantander.es\/empresas\" target=\"_blank\" rel=\"noreferrer noopener\">Santander Empresas<\/a> se ayude a proteger a las pymes de las amenazas online.<\/p>\n\n\n\n<p><\/p>\n\n\n\n<p>Tambi\u00e9n ayer, 20 de Abril estuvimos en el <a href=\"https:\/\/www.elcomercio.es\/economia\/banca\/necesaria-ambicion-ejecutar-fondos-europeos-20230421013557-nt.html#\" target=\"_blank\" rel=\"noreferrer noopener\">Foro Tendencias Empresariales de Banco Santander<\/a> con los <strong>empresarios de Asturias en Gij\u00f3n, en el Real Club de Regatas<\/strong> de Gij\u00f3n. Jose Antonio Castro, nuestro Director General, particip\u00f3 en el Foro de Tendencias Empresariales de Banco Santander, hablando con las empresas de <strong>porqu\u00e9 y c\u00f3mo protegerse.<\/strong><\/p>\n","protected":false},"excerpt":{"rendered":"<p>Ayer 20 de Abril asistimos al primero de los eventos de Cyber Guardian en Work Caf\u00e9s Santander, en Bilbao, en la Plaza Moyua. Fue un encuentro con un n\u00famero importante de empresarios de Bilbao y tambi\u00e9n retransmitido por streaming. Nuestro Director de Desarrollo de Negocio, Alexis Alonso, habl\u00f3 de las amenazas digitales que afectan a &hellip; <a href=\"https:\/\/www.cyberguardian.tech\/blog\/encuentro-cyber-guardian-con-empresarios-en-work-cafe-santander-bilbao-y-foro-tendencias-empresariales-de-banco-santander-en-gijon\/\" class=\"more-link\">Continuar leyendo<span class=\"screen-reader-text\"> \u00abEncuentro Cyber Guardian con empresarios en Work-Caf\u00e9 Santander Bilbao y Foro Tendencias Empresariales de Banco Santander en Gij\u00f3n.\u00bb<\/span><\/a><\/p>\n","protected":false},"author":6,"featured_media":0,"comment_status":"closed","ping_status":"closed","sticky":false,"template":"","format":"standard","meta":{"_jetpack_memberships_contains_paid_content":false,"footnotes":""},"categories":[4],"tags":[6],"class_list":["post-78","post","type-post","status-publish","format-standard","hentry","category-eventos","tag-santander"],"yoast_head":"<!-- This site is optimized with the Yoast SEO plugin v27.5 - https:\/\/yoast.com\/product\/yoast-seo-wordpress\/ -->\n<title>Encuentro Cyber Guardian con empresarios en Work-Caf\u00e9 Santander Bilbao y Foro Tendencias Empresariales de Banco Santander en Gij\u00f3n. - Cyber Guardian - Blog<\/title>\n<meta name=\"robots\" content=\"index, follow, max-snippet:-1, max-image-preview:large, max-video-preview:-1\" \/>\n<link rel=\"canonical\" href=\"https:\/\/www.cyberguardian.tech\/blog\/encuentro-cyber-guardian-con-empresarios-en-work-cafe-santander-bilbao-y-foro-tendencias-empresariales-de-banco-santander-en-gijon\/\" \/>\n<meta property=\"og:locale\" content=\"es_ES\" \/>\n<meta property=\"og:type\" content=\"article\" \/>\n<meta property=\"og:title\" content=\"Encuentro Cyber Guardian con empresarios en Work-Caf\u00e9 Santander Bilbao y Foro Tendencias Empresariales de Banco Santander en Gij\u00f3n. - Cyber Guardian - Blog\" \/>\n<meta property=\"og:description\" content=\"Ayer 20 de Abril asistimos al primero de los eventos de Cyber Guardian en Work Caf\u00e9s Santander, en Bilbao, en la Plaza Moyua. Fue un encuentro con un n\u00famero importante de empresarios de Bilbao y tambi\u00e9n retransmitido por streaming. Nuestro Director de Desarrollo de Negocio, Alexis Alonso, habl\u00f3 de las amenazas digitales que afectan a &hellip; Continuar leyendo &quot;Encuentro Cyber Guardian con empresarios en Work-Caf\u00e9 Santander Bilbao y Foro Tendencias Empresariales de Banco Santander en Gij\u00f3n.&quot;\" \/>\n<meta property=\"og:url\" content=\"https:\/\/www.cyberguardian.tech\/blog\/encuentro-cyber-guardian-con-empresarios-en-work-cafe-santander-bilbao-y-foro-tendencias-empresariales-de-banco-santander-en-gijon\/\" \/>\n<meta property=\"og:site_name\" content=\"Cyber Guardian - Blog\" \/>\n<meta property=\"article:published_time\" content=\"2023-04-21T14:18:00+00:00\" \/>\n<meta property=\"article:modified_time\" content=\"2025-08-27T12:37:22+00:00\" \/>\n<meta property=\"og:image\" content=\"https:\/\/i0.wp.com\/cyberguardian.tech\/blog\/wp-content\/uploads\/f6444f676d49ab17-1024x568.png?ssl=1\" \/>\n<meta name=\"author\" content=\"Cyber Guardian\" \/>\n<meta name=\"twitter:card\" content=\"summary_large_image\" \/>\n<meta name=\"twitter:label1\" content=\"Escrito por\" \/>\n\t<meta name=\"twitter:data1\" content=\"Cyber Guardian\" \/>\n\t<meta name=\"twitter:label2\" content=\"Tiempo de lectura\" \/>\n\t<meta name=\"twitter:data2\" content=\"2 minutos\" \/>\n<script type=\"application\/ld+json\" class=\"yoast-schema-graph\">{\"@context\":\"https:\\\/\\\/schema.org\",\"@graph\":[{\"@type\":\"Article\",\"@id\":\"https:\\\/\\\/www.cyberguardian.tech\\\/blog\\\/encuentro-cyber-guardian-con-empresarios-en-work-cafe-santander-bilbao-y-foro-tendencias-empresariales-de-banco-santander-en-gijon\\\/#article\",\"isPartOf\":{\"@id\":\"https:\\\/\\\/www.cyberguardian.tech\\\/blog\\\/encuentro-cyber-guardian-con-empresarios-en-work-cafe-santander-bilbao-y-foro-tendencias-empresariales-de-banco-santander-en-gijon\\\/\"},\"author\":{\"name\":\"Cyber Guardian\",\"@id\":\"https:\\\/\\\/www.cyberguardian.tech\\\/blog\\\/#\\\/schema\\\/person\\\/a3ed9f985851939bf7cef30f1017d93c\"},\"headline\":\"Encuentro Cyber Guardian con empresarios en Work-Caf\u00e9 Santander Bilbao y Foro Tendencias Empresariales de Banco Santander en Gij\u00f3n.\",\"datePublished\":\"2023-04-21T14:18:00+00:00\",\"dateModified\":\"2025-08-27T12:37:22+00:00\",\"mainEntityOfPage\":{\"@id\":\"https:\\\/\\\/www.cyberguardian.tech\\\/blog\\\/encuentro-cyber-guardian-con-empresarios-en-work-cafe-santander-bilbao-y-foro-tendencias-empresariales-de-banco-santander-en-gijon\\\/\"},\"wordCount\":311,\"image\":{\"@id\":\"https:\\\/\\\/www.cyberguardian.tech\\\/blog\\\/encuentro-cyber-guardian-con-empresarios-en-work-cafe-santander-bilbao-y-foro-tendencias-empresariales-de-banco-santander-en-gijon\\\/#primaryimage\"},\"thumbnailUrl\":\"https:\\\/\\\/i0.wp.com\\\/cyberguardian.tech\\\/blog\\\/wp-content\\\/uploads\\\/f6444f676d49ab17-1024x568.png?ssl=1\",\"keywords\":[\"Santander\"],\"articleSection\":[\"Eventos\"],\"inLanguage\":\"es\"},{\"@type\":\"WebPage\",\"@id\":\"https:\\\/\\\/www.cyberguardian.tech\\\/blog\\\/encuentro-cyber-guardian-con-empresarios-en-work-cafe-santander-bilbao-y-foro-tendencias-empresariales-de-banco-santander-en-gijon\\\/\",\"url\":\"https:\\\/\\\/www.cyberguardian.tech\\\/blog\\\/encuentro-cyber-guardian-con-empresarios-en-work-cafe-santander-bilbao-y-foro-tendencias-empresariales-de-banco-santander-en-gijon\\\/\",\"name\":\"Encuentro Cyber Guardian con empresarios en Work-Caf\u00e9 Santander Bilbao y Foro Tendencias Empresariales de Banco Santander en Gij\u00f3n. - Cyber Guardian - Blog\",\"isPartOf\":{\"@id\":\"https:\\\/\\\/www.cyberguardian.tech\\\/blog\\\/#website\"},\"primaryImageOfPage\":{\"@id\":\"https:\\\/\\\/www.cyberguardian.tech\\\/blog\\\/encuentro-cyber-guardian-con-empresarios-en-work-cafe-santander-bilbao-y-foro-tendencias-empresariales-de-banco-santander-en-gijon\\\/#primaryimage\"},\"image\":{\"@id\":\"https:\\\/\\\/www.cyberguardian.tech\\\/blog\\\/encuentro-cyber-guardian-con-empresarios-en-work-cafe-santander-bilbao-y-foro-tendencias-empresariales-de-banco-santander-en-gijon\\\/#primaryimage\"},\"thumbnailUrl\":\"https:\\\/\\\/i0.wp.com\\\/cyberguardian.tech\\\/blog\\\/wp-content\\\/uploads\\\/f6444f676d49ab17-1024x568.png?ssl=1\",\"datePublished\":\"2023-04-21T14:18:00+00:00\",\"dateModified\":\"2025-08-27T12:37:22+00:00\",\"author\":{\"@id\":\"https:\\\/\\\/www.cyberguardian.tech\\\/blog\\\/#\\\/schema\\\/person\\\/a3ed9f985851939bf7cef30f1017d93c\"},\"breadcrumb\":{\"@id\":\"https:\\\/\\\/www.cyberguardian.tech\\\/blog\\\/encuentro-cyber-guardian-con-empresarios-en-work-cafe-santander-bilbao-y-foro-tendencias-empresariales-de-banco-santander-en-gijon\\\/#breadcrumb\"},\"inLanguage\":\"es\",\"potentialAction\":[{\"@type\":\"ReadAction\",\"target\":[\"https:\\\/\\\/www.cyberguardian.tech\\\/blog\\\/encuentro-cyber-guardian-con-empresarios-en-work-cafe-santander-bilbao-y-foro-tendencias-empresariales-de-banco-santander-en-gijon\\\/\"]}]},{\"@type\":\"ImageObject\",\"inLanguage\":\"es\",\"@id\":\"https:\\\/\\\/www.cyberguardian.tech\\\/blog\\\/encuentro-cyber-guardian-con-empresarios-en-work-cafe-santander-bilbao-y-foro-tendencias-empresariales-de-banco-santander-en-gijon\\\/#primaryimage\",\"url\":\"https:\\\/\\\/i0.wp.com\\\/cyberguardian.tech\\\/blog\\\/wp-content\\\/uploads\\\/f6444f676d49ab17-1024x568.png?ssl=1\",\"contentUrl\":\"https:\\\/\\\/i0.wp.com\\\/cyberguardian.tech\\\/blog\\\/wp-content\\\/uploads\\\/f6444f676d49ab17-1024x568.png?ssl=1\"},{\"@type\":\"BreadcrumbList\",\"@id\":\"https:\\\/\\\/www.cyberguardian.tech\\\/blog\\\/encuentro-cyber-guardian-con-empresarios-en-work-cafe-santander-bilbao-y-foro-tendencias-empresariales-de-banco-santander-en-gijon\\\/#breadcrumb\",\"itemListElement\":[{\"@type\":\"ListItem\",\"position\":1,\"name\":\"Portada\",\"item\":\"https:\\\/\\\/www.cyberguardian.tech\\\/blog\\\/\"},{\"@type\":\"ListItem\",\"position\":2,\"name\":\"Encuentro Cyber Guardian con empresarios en Work-Caf\u00e9 Santander Bilbao y Foro Tendencias Empresariales de Banco Santander en Gij\u00f3n.\"}]},{\"@type\":\"WebSite\",\"@id\":\"https:\\\/\\\/www.cyberguardian.tech\\\/blog\\\/#website\",\"url\":\"https:\\\/\\\/www.cyberguardian.tech\\\/blog\\\/\",\"name\":\"Cyber Guardian - Blog\",\"description\":\"Blog sobre ciberseguridad para peque\u00f1as y medianas empresas f\u00e1cil de entender tambi\u00e9n para usuarios no t\u00e9cnicos.\",\"potentialAction\":[{\"@type\":\"SearchAction\",\"target\":{\"@type\":\"EntryPoint\",\"urlTemplate\":\"https:\\\/\\\/www.cyberguardian.tech\\\/blog\\\/?s={search_term_string}\"},\"query-input\":{\"@type\":\"PropertyValueSpecification\",\"valueRequired\":true,\"valueName\":\"search_term_string\"}}],\"inLanguage\":\"es\"},{\"@type\":\"Person\",\"@id\":\"https:\\\/\\\/www.cyberguardian.tech\\\/blog\\\/#\\\/schema\\\/person\\\/a3ed9f985851939bf7cef30f1017d93c\",\"name\":\"Cyber Guardian\",\"image\":{\"@type\":\"ImageObject\",\"inLanguage\":\"es\",\"@id\":\"https:\\\/\\\/secure.gravatar.com\\\/avatar\\\/8f120ab25b7fcac0c91b7b5d2970930a6a93112558b277a8b8353f8bbad0b82a?s=96&d=mm&r=g\",\"url\":\"https:\\\/\\\/secure.gravatar.com\\\/avatar\\\/8f120ab25b7fcac0c91b7b5d2970930a6a93112558b277a8b8353f8bbad0b82a?s=96&d=mm&r=g\",\"contentUrl\":\"https:\\\/\\\/secure.gravatar.com\\\/avatar\\\/8f120ab25b7fcac0c91b7b5d2970930a6a93112558b277a8b8353f8bbad0b82a?s=96&d=mm&r=g\",\"caption\":\"Cyber Guardian\"},\"sameAs\":[\"https:\\\/\\\/cyberguardian.tech\"],\"url\":\"https:\\\/\\\/www.cyberguardian.tech\\\/blog\\\/author\\\/cyberguardian\\\/\"}]}<\/script>\n<!-- \/ Yoast SEO plugin. -->","yoast_head_json":{"title":"Encuentro Cyber Guardian con empresarios en Work-Caf\u00e9 Santander Bilbao y Foro Tendencias Empresariales de Banco Santander en Gij\u00f3n. - Cyber Guardian - Blog","robots":{"index":"index","follow":"follow","max-snippet":"max-snippet:-1","max-image-preview":"max-image-preview:large","max-video-preview":"max-video-preview:-1"},"canonical":"https:\/\/www.cyberguardian.tech\/blog\/encuentro-cyber-guardian-con-empresarios-en-work-cafe-santander-bilbao-y-foro-tendencias-empresariales-de-banco-santander-en-gijon\/","og_locale":"es_ES","og_type":"article","og_title":"Encuentro Cyber Guardian con empresarios en Work-Caf\u00e9 Santander Bilbao y Foro Tendencias Empresariales de Banco Santander en Gij\u00f3n. - Cyber Guardian - Blog","og_description":"Ayer 20 de Abril asistimos al primero de los eventos de Cyber Guardian en Work Caf\u00e9s Santander, en Bilbao, en la Plaza Moyua. Fue un encuentro con un n\u00famero importante de empresarios de Bilbao y tambi\u00e9n retransmitido por streaming. Nuestro Director de Desarrollo de Negocio, Alexis Alonso, habl\u00f3 de las amenazas digitales que afectan a &hellip; Continuar leyendo \"Encuentro Cyber Guardian con empresarios en Work-Caf\u00e9 Santander Bilbao y Foro Tendencias Empresariales de Banco Santander en Gij\u00f3n.\"","og_url":"https:\/\/www.cyberguardian.tech\/blog\/encuentro-cyber-guardian-con-empresarios-en-work-cafe-santander-bilbao-y-foro-tendencias-empresariales-de-banco-santander-en-gijon\/","og_site_name":"Cyber Guardian - Blog","article_published_time":"2023-04-21T14:18:00+00:00","article_modified_time":"2025-08-27T12:37:22+00:00","og_image":[{"url":"https:\/\/i0.wp.com\/cyberguardian.tech\/blog\/wp-content\/uploads\/f6444f676d49ab17-1024x568.png?ssl=1","type":"","width":"","height":""}],"author":"Cyber Guardian","twitter_card":"summary_large_image","twitter_misc":{"Escrito por":"Cyber Guardian","Tiempo de lectura":"2 minutos"},"schema":{"@context":"https:\/\/schema.org","@graph":[{"@type":"Article","@id":"https:\/\/www.cyberguardian.tech\/blog\/encuentro-cyber-guardian-con-empresarios-en-work-cafe-santander-bilbao-y-foro-tendencias-empresariales-de-banco-santander-en-gijon\/#article","isPartOf":{"@id":"https:\/\/www.cyberguardian.tech\/blog\/encuentro-cyber-guardian-con-empresarios-en-work-cafe-santander-bilbao-y-foro-tendencias-empresariales-de-banco-santander-en-gijon\/"},"author":{"name":"Cyber Guardian","@id":"https:\/\/www.cyberguardian.tech\/blog\/#\/schema\/person\/a3ed9f985851939bf7cef30f1017d93c"},"headline":"Encuentro Cyber Guardian con empresarios en Work-Caf\u00e9 Santander Bilbao y Foro Tendencias Empresariales de Banco Santander en Gij\u00f3n.","datePublished":"2023-04-21T14:18:00+00:00","dateModified":"2025-08-27T12:37:22+00:00","mainEntityOfPage":{"@id":"https:\/\/www.cyberguardian.tech\/blog\/encuentro-cyber-guardian-con-empresarios-en-work-cafe-santander-bilbao-y-foro-tendencias-empresariales-de-banco-santander-en-gijon\/"},"wordCount":311,"image":{"@id":"https:\/\/www.cyberguardian.tech\/blog\/encuentro-cyber-guardian-con-empresarios-en-work-cafe-santander-bilbao-y-foro-tendencias-empresariales-de-banco-santander-en-gijon\/#primaryimage"},"thumbnailUrl":"https:\/\/i0.wp.com\/cyberguardian.tech\/blog\/wp-content\/uploads\/f6444f676d49ab17-1024x568.png?ssl=1","keywords":["Santander"],"articleSection":["Eventos"],"inLanguage":"es"},{"@type":"WebPage","@id":"https:\/\/www.cyberguardian.tech\/blog\/encuentro-cyber-guardian-con-empresarios-en-work-cafe-santander-bilbao-y-foro-tendencias-empresariales-de-banco-santander-en-gijon\/","url":"https:\/\/www.cyberguardian.tech\/blog\/encuentro-cyber-guardian-con-empresarios-en-work-cafe-santander-bilbao-y-foro-tendencias-empresariales-de-banco-santander-en-gijon\/","name":"Encuentro Cyber Guardian con empresarios en Work-Caf\u00e9 Santander Bilbao y Foro Tendencias Empresariales de Banco Santander en Gij\u00f3n. - Cyber Guardian - Blog","isPartOf":{"@id":"https:\/\/www.cyberguardian.tech\/blog\/#website"},"primaryImageOfPage":{"@id":"https:\/\/www.cyberguardian.tech\/blog\/encuentro-cyber-guardian-con-empresarios-en-work-cafe-santander-bilbao-y-foro-tendencias-empresariales-de-banco-santander-en-gijon\/#primaryimage"},"image":{"@id":"https:\/\/www.cyberguardian.tech\/blog\/encuentro-cyber-guardian-con-empresarios-en-work-cafe-santander-bilbao-y-foro-tendencias-empresariales-de-banco-santander-en-gijon\/#primaryimage"},"thumbnailUrl":"https:\/\/i0.wp.com\/cyberguardian.tech\/blog\/wp-content\/uploads\/f6444f676d49ab17-1024x568.png?ssl=1","datePublished":"2023-04-21T14:18:00+00:00","dateModified":"2025-08-27T12:37:22+00:00","author":{"@id":"https:\/\/www.cyberguardian.tech\/blog\/#\/schema\/person\/a3ed9f985851939bf7cef30f1017d93c"},"breadcrumb":{"@id":"https:\/\/www.cyberguardian.tech\/blog\/encuentro-cyber-guardian-con-empresarios-en-work-cafe-santander-bilbao-y-foro-tendencias-empresariales-de-banco-santander-en-gijon\/#breadcrumb"},"inLanguage":"es","potentialAction":[{"@type":"ReadAction","target":["https:\/\/www.cyberguardian.tech\/blog\/encuentro-cyber-guardian-con-empresarios-en-work-cafe-santander-bilbao-y-foro-tendencias-empresariales-de-banco-santander-en-gijon\/"]}]},{"@type":"ImageObject","inLanguage":"es","@id":"https:\/\/www.cyberguardian.tech\/blog\/encuentro-cyber-guardian-con-empresarios-en-work-cafe-santander-bilbao-y-foro-tendencias-empresariales-de-banco-santander-en-gijon\/#primaryimage","url":"https:\/\/i0.wp.com\/cyberguardian.tech\/blog\/wp-content\/uploads\/f6444f676d49ab17-1024x568.png?ssl=1","contentUrl":"https:\/\/i0.wp.com\/cyberguardian.tech\/blog\/wp-content\/uploads\/f6444f676d49ab17-1024x568.png?ssl=1"},{"@type":"BreadcrumbList","@id":"https:\/\/www.cyberguardian.tech\/blog\/encuentro-cyber-guardian-con-empresarios-en-work-cafe-santander-bilbao-y-foro-tendencias-empresariales-de-banco-santander-en-gijon\/#breadcrumb","itemListElement":[{"@type":"ListItem","position":1,"name":"Portada","item":"https:\/\/www.cyberguardian.tech\/blog\/"},{"@type":"ListItem","position":2,"name":"Encuentro Cyber Guardian con empresarios en Work-Caf\u00e9 Santander Bilbao y Foro Tendencias Empresariales de Banco Santander en Gij\u00f3n."}]},{"@type":"WebSite","@id":"https:\/\/www.cyberguardian.tech\/blog\/#website","url":"https:\/\/www.cyberguardian.tech\/blog\/","name":"Cyber Guardian - Blog","description":"Blog sobre ciberseguridad para peque\u00f1as y medianas empresas f\u00e1cil de entender tambi\u00e9n para usuarios no t\u00e9cnicos.","potentialAction":[{"@type":"SearchAction","target":{"@type":"EntryPoint","urlTemplate":"https:\/\/www.cyberguardian.tech\/blog\/?s={search_term_string}"},"query-input":{"@type":"PropertyValueSpecification","valueRequired":true,"valueName":"search_term_string"}}],"inLanguage":"es"},{"@type":"Person","@id":"https:\/\/www.cyberguardian.tech\/blog\/#\/schema\/person\/a3ed9f985851939bf7cef30f1017d93c","name":"Cyber Guardian","image":{"@type":"ImageObject","inLanguage":"es","@id":"https:\/\/secure.gravatar.com\/avatar\/8f120ab25b7fcac0c91b7b5d2970930a6a93112558b277a8b8353f8bbad0b82a?s=96&d=mm&r=g","url":"https:\/\/secure.gravatar.com\/avatar\/8f120ab25b7fcac0c91b7b5d2970930a6a93112558b277a8b8353f8bbad0b82a?s=96&d=mm&r=g","contentUrl":"https:\/\/secure.gravatar.com\/avatar\/8f120ab25b7fcac0c91b7b5d2970930a6a93112558b277a8b8353f8bbad0b82a?s=96&d=mm&r=g","caption":"Cyber Guardian"},"sameAs":["https:\/\/cyberguardian.tech"],"url":"https:\/\/www.cyberguardian.tech\/blog\/author\/cyberguardian\/"}]}},"jetpack_featured_media_url":"","jetpack_sharing_enabled":true,"jetpack-related-posts":[{"id":126,"url":"https:\/\/www.cyberguardian.tech\/blog\/encuentro-cyber-guardian-con-empresarios-en-work-cafe-santander-pamplona\/","url_meta":{"origin":78,"position":0},"title":"Encuentro Cyber Guardian con empresarios en Work Caf\u00e9 Santander Pamplona","author":"Cyber Guardian","date":"2 de junio de 2023","format":false,"excerpt":"El pasado martes, 30 de mayo estuvimos en un nuevo encuentro con empresarios en el Work Caf\u00e9 de Santander Pamplona. Nuestro Director de Desarrollo de Negocio, Alexis Alonso Ar\u00e9valo explic\u00f3 c\u00f3mo las pymes pueden ser objetivo de los ataques ciber y c\u00f3mo protegerse de las ciberamenazas del mundo digital, cada\u2026","rel":"","context":"En \u00abEventos\u00bb","block_context":{"text":"Eventos","link":"https:\/\/www.cyberguardian.tech\/blog\/category\/eventos\/"},"img":{"alt_text":"","src":"https:\/\/i0.wp.com\/www.cyberguardian.tech\/blog\/wp-content\/uploads\/4514388b29c2bcc8.jpg?resize=350%2C200&ssl=1","width":350,"height":200},"classes":[]},{"id":103,"url":"https:\/\/www.cyberguardian.tech\/blog\/encuentro-cyber-guardian-con-empresarios-en-foro-tendencias-empresariales-de-banco-santander-en-toledo\/","url_meta":{"origin":78,"position":1},"title":"Encuentro Cyber Guardian con empresarios en Foro Tendencias Empresariales de Banco Santander, en Toledo","author":"Cyber Guardian","date":"28 de abril de 2023","format":false,"excerpt":"Cyber Guardian particip\u00f3 este mes de Abril en el Foro Tendencias Empresariales del Banco Santander en un marco incomparable como es el casco hist\u00f3rico de Toledo y el Centro Cultural San Marcos. Nuestro Director General Jose Antonio Castro particip\u00f3 y realiz\u00f3 una ponencia sobre la ciberseguridad en el \u00e1mbito de\u2026","rel":"","context":"En \u00abEventos\u00bb","block_context":{"text":"Eventos","link":"https:\/\/www.cyberguardian.tech\/blog\/category\/eventos\/"},"img":{"alt_text":"","src":"https:\/\/i0.wp.com\/www.cyberguardian.tech\/blog\/wp-content\/uploads\/d973576f14c484b4.jpg?resize=350%2C200&ssl=1","width":350,"height":200,"srcset":"https:\/\/i0.wp.com\/www.cyberguardian.tech\/blog\/wp-content\/uploads\/d973576f14c484b4.jpg?resize=350%2C200&ssl=1 1x, https:\/\/i0.wp.com\/www.cyberguardian.tech\/blog\/wp-content\/uploads\/d973576f14c484b4.jpg?resize=525%2C300&ssl=1 1.5x"},"classes":[]},{"id":13,"url":"https:\/\/www.cyberguardian.tech\/blog\/cyber-guardian-en-el-des-2022\/","url_meta":{"origin":78,"position":2},"title":"Cyber Guardian en el DES 2022","author":"Cyber Guardian","date":"20 de junio de 2022","format":false,"excerpt":"La semana pasada Cyber Guardian estuvo junto a Banco Santander, en el DES | Digital Enterprise Show 2022, el evento tecnol\u00f3gico l\u00edder a nivel global dedicado a la transformaci\u00f3n digital donde tuvimos la oportunidad de presentar Cyber Guardian a multitud de empresas que se acercaron por el stand de Banco\u2026","rel":"","context":"En \u00abEventos\u00bb","block_context":{"text":"Eventos","link":"https:\/\/www.cyberguardian.tech\/blog\/category\/eventos\/"},"img":{"alt_text":"Ciberseguridad DES 2022","src":"https:\/\/i0.wp.com\/www.cyberguardian.tech\/blog\/wp-content\/uploads\/52c6d3e6b4c0a389.png?resize=350%2C200&ssl=1","width":350,"height":200,"srcset":"https:\/\/i0.wp.com\/www.cyberguardian.tech\/blog\/wp-content\/uploads\/52c6d3e6b4c0a389.png?resize=350%2C200&ssl=1 1x, https:\/\/i0.wp.com\/www.cyberguardian.tech\/blog\/wp-content\/uploads\/52c6d3e6b4c0a389.png?resize=525%2C300&ssl=1 1.5x, https:\/\/i0.wp.com\/www.cyberguardian.tech\/blog\/wp-content\/uploads\/52c6d3e6b4c0a389.png?resize=700%2C400&ssl=1 2x"},"classes":[]},{"id":174,"url":"https:\/\/www.cyberguardian.tech\/blog\/la-plataforma-cyber-guardian-premiada-en-los-premios-sic-2023\/","url_meta":{"origin":78,"position":3},"title":"\u00a1La plataforma Cyber Guardian premiada en los premios SIC!","author":"Cyber Guardian","date":"27 de octubre de 2023","format":false,"excerpt":"\u00a1Estamos de enhorabuena! El pasado 25 de octubre durante la cena de la ciberseguridad 2023 que organiz\u00f3 la revista SIC para reunir a los profesionales y a las compa\u00f1\u00edas y organizaciones del sector de la Ciberseguridad, se hicieron entrega de los XIX Premios SIC, y \u00a1Cyber Guardian fue galardonado con\u2026","rel":"","context":"En \u00abEventos\u00bb","block_context":{"text":"Eventos","link":"https:\/\/www.cyberguardian.tech\/blog\/category\/eventos\/"},"img":{"alt_text":"","src":"https:\/\/i0.wp.com\/www.cyberguardian.tech\/blog\/wp-content\/uploads\/2024\/02\/premio-sic-1-1.png?resize=350%2C200&ssl=1","width":350,"height":200,"srcset":"https:\/\/i0.wp.com\/www.cyberguardian.tech\/blog\/wp-content\/uploads\/2024\/02\/premio-sic-1-1.png?resize=350%2C200&ssl=1 1x, https:\/\/i0.wp.com\/www.cyberguardian.tech\/blog\/wp-content\/uploads\/2024\/02\/premio-sic-1-1.png?resize=525%2C300&ssl=1 1.5x, https:\/\/i0.wp.com\/www.cyberguardian.tech\/blog\/wp-content\/uploads\/2024\/02\/premio-sic-1-1.png?resize=700%2C400&ssl=1 2x, https:\/\/i0.wp.com\/www.cyberguardian.tech\/blog\/wp-content\/uploads\/2024\/02\/premio-sic-1-1.png?resize=1050%2C600&ssl=1 3x, https:\/\/i0.wp.com\/www.cyberguardian.tech\/blog\/wp-content\/uploads\/2024\/02\/premio-sic-1-1.png?resize=1400%2C800&ssl=1 4x"},"classes":[]},{"id":169,"url":"https:\/\/www.cyberguardian.tech\/blog\/cyber-guardian-en-el-des-malaga-2023\/","url_meta":{"origin":78,"position":4},"title":"Cyber Guardian en el DES M\u00e1laga 2023","author":"Cyber Guardian","date":"30 de junio de 2023","format":false,"excerpt":"Del 13 al 15 de junio Cyber Guardian estuvo junto al Banco Santander, en el DES 2023, Digital Enterprise Show, y m\u00e1s concretamente el d\u00eda 15 realizamos una ponencia en la zona \u201cEspa\u00f1a Pyme Digital\u201d donde desvelamos c\u00f3mo en ciberseguridad podemos alejarnos de la diana del ciberataque. Hasta el momento\u2026","rel":"","context":"En \u00abEventos\u00bb","block_context":{"text":"Eventos","link":"https:\/\/www.cyberguardian.tech\/blog\/category\/eventos\/"},"img":{"alt_text":"Ciberseguridad DES","src":"https:\/\/i0.wp.com\/www.cyberguardian.tech\/blog\/wp-content\/uploads\/2024\/03\/des-2023-2.png?resize=350%2C200&ssl=1","width":350,"height":200,"srcset":"https:\/\/i0.wp.com\/www.cyberguardian.tech\/blog\/wp-content\/uploads\/2024\/03\/des-2023-2.png?resize=350%2C200&ssl=1 1x, https:\/\/i0.wp.com\/www.cyberguardian.tech\/blog\/wp-content\/uploads\/2024\/03\/des-2023-2.png?resize=525%2C300&ssl=1 1.5x, https:\/\/i0.wp.com\/www.cyberguardian.tech\/blog\/wp-content\/uploads\/2024\/03\/des-2023-2.png?resize=700%2C400&ssl=1 2x"},"classes":[]},{"id":1359,"url":"https:\/\/www.cyberguardian.tech\/blog\/crecer-sin-poner-en-riesgo-tu-negocio\/","url_meta":{"origin":78,"position":5},"title":"Crecer sin poner en riesgo tu negocio.","author":"Cyber Guardian","date":"20 de marzo de 2026","format":false,"excerpt":"\u00bfSabes c\u00f3mo crecer sin poner en riesgo tu negocio? El cibercrimen afecta a empresas de cualquier tama\u00f1o, y si eres emprendedor esto tambi\u00e9n te interesa! Os compartimos esta entrevista en el podcast Aprender a emprender de Santander Empresas Espa\u00f1a y EL ESPA\u00d1OL. Alexis Alonso Ar\u00e9valo nos cuenta cu\u00e1les son las\u2026","rel":"","context":"En \u00abNoticias Cyber\u00bb","block_context":{"text":"Noticias Cyber","link":"https:\/\/www.cyberguardian.tech\/blog\/category\/noticias-cyber\/"},"img":{"alt_text":"Entrevista Aprender a Emprender","src":"https:\/\/i0.wp.com\/www.cyberguardian.tech\/blog\/wp-content\/uploads\/968085eaffc12c55.png?resize=350%2C200&ssl=1","width":350,"height":200,"srcset":"https:\/\/i0.wp.com\/www.cyberguardian.tech\/blog\/wp-content\/uploads\/968085eaffc12c55.png?resize=350%2C200&ssl=1 1x, https:\/\/i0.wp.com\/www.cyberguardian.tech\/blog\/wp-content\/uploads\/968085eaffc12c55.png?resize=525%2C300&ssl=1 1.5x"},"classes":[]}],"_links":{"self":[{"href":"https:\/\/www.cyberguardian.tech\/blog\/wp-json\/wp\/v2\/posts\/78","targetHints":{"allow":["GET"]}}],"collection":[{"href":"https:\/\/www.cyberguardian.tech\/blog\/wp-json\/wp\/v2\/posts"}],"about":[{"href":"https:\/\/www.cyberguardian.tech\/blog\/wp-json\/wp\/v2\/types\/post"}],"author":[{"embeddable":true,"href":"https:\/\/www.cyberguardian.tech\/blog\/wp-json\/wp\/v2\/users\/6"}],"replies":[{"embeddable":true,"href":"https:\/\/www.cyberguardian.tech\/blog\/wp-json\/wp\/v2\/comments?post=78"}],"version-history":[{"count":2,"href":"https:\/\/www.cyberguardian.tech\/blog\/wp-json\/wp\/v2\/posts\/78\/revisions"}],"predecessor-version":[{"id":1263,"href":"https:\/\/www.cyberguardian.tech\/blog\/wp-json\/wp\/v2\/posts\/78\/revisions\/1263"}],"wp:attachment":[{"href":"https:\/\/www.cyberguardian.tech\/blog\/wp-json\/wp\/v2\/media?parent=78"}],"wp:term":[{"taxonomy":"category","embeddable":true,"href":"https:\/\/www.cyberguardian.tech\/blog\/wp-json\/wp\/v2\/categories?post=78"},{"taxonomy":"post_tag","embeddable":true,"href":"https:\/\/www.cyberguardian.tech\/blog\/wp-json\/wp\/v2\/tags?post=78"}],"curies":[{"name":"wp","href":"https:\/\/api.w.org\/{rel}","templated":true}]}}